{"id":1290,"date":"2014-01-01T23:08:45","date_gmt":"2014-01-01T22:08:45","guid":{"rendered":"http:\/\/laufkatrinlauf.de\/?p=1290"},"modified":"2014-01-02T23:18:30","modified_gmt":"2014-01-02T22:18:30","slug":"01-01-2014-willkommen-im-neuen-laufjahr","status":"publish","type":"post","link":"https:\/\/laufkatrinlauf.de\/?p=1290","title":{"rendered":"01.01.2014 Willkommen im neuen Laufjahr :)"},"content":{"rendered":"<p><em>Ich hoffe, alle L\u00e4ufer, Laufinteressierte, zuk\u00fcnftige L\u00e4ufer, ehemalige L\u00e4ufer und Nichtl\u00e4ufer sind mit neuem Elan in das neue Jahr gerutscht und haben sich kleine oder auch gro\u00dfe Ziele f\u00fcr 2014 gesteckt. Alles Gute f\u00fcr alle Vorhaben und immer dranbleiben! Erreichte Ziele sind doch was tolles.<\/em><\/p>\n<p><em>In meinem 3. L\u00e4uferjahr m\u00f6chte ich schneller laufen \ud83d\ude09 und freue mich auf den Marathon im Fr\u00fchjahr in Wien und einen weiteren im Herbst in M\u00fcnchen.<\/em><\/p>\n<p><em>Und so &#8222;gesund&#8220; sind wir ins das neue Jahr gestartet:<\/em><\/p>\n<div id=\"attachment_1294\" style=\"width: 235px\" class=\"wp-caption alignleft\"><img loading=\"lazy\" decoding=\"async\" aria-describedby=\"caption-attachment-1294\" class=\"size-medium wp-image-1294\" alt=\"S\u00fc\u00dfer Start in das neue Jahr\" src=\"https:\/\/laufkatrinlauf.de\/wp-content\/uploads\/2014\/01\/20131231_s\u00fc\u00dfer-Start-225x300.jpg\" width=\"225\" height=\"300\" srcset=\"https:\/\/laufkatrinlauf.de\/wp-content\/uploads\/2014\/01\/20131231_s\u00fc\u00dfer-Start-225x300.jpg 225w, https:\/\/laufkatrinlauf.de\/wp-content\/uploads\/2014\/01\/20131231_s\u00fc\u00dfer-Start.jpg 560w\" sizes=\"auto, (max-width: 225px) 100vw, 225px\" \/><p id=\"caption-attachment-1294\" class=\"wp-caption-text\">S\u00fc\u00dfer Start in das neue Jahr<\/p><\/div>\n","protected":false},"excerpt":{"rendered":"<p>Ich hoffe, alle L\u00e4ufer, Laufinteressierte, zuk\u00fcnftige L\u00e4ufer, ehemalige L\u00e4ufer und Nichtl\u00e4ufer sind mit neuem Elan in das neue Jahr gerutscht und haben sich kleine oder auch gro\u00dfe Ziele f\u00fcr 2014 gesteckt. Alles Gute f\u00fcr alle Vorhaben und immer dranbleiben! Erreichte Ziele sind doch was tolles. In meinem 3. L\u00e4uferjahr m\u00f6chte ich schneller laufen \ud83d\ude09 und [&hellip;]<\/p>\n","protected":false},"author":1,"featured_media":0,"comment_status":"open","ping_status":"open","sticky":false,"template":"","format":"standard","meta":{"footnotes":""},"categories":[1],"tags":[],"class_list":["post-1290","post","type-post","status-publish","format-standard","hentry","category-uncategorized"],"_links":{"self":[{"href":"https:\/\/laufkatrinlauf.de\/index.php?rest_route=\/wp\/v2\/posts\/1290","targetHints":{"allow":["GET"]}}],"collection":[{"href":"https:\/\/laufkatrinlauf.de\/index.php?rest_route=\/wp\/v2\/posts"}],"about":[{"href":"https:\/\/laufkatrinlauf.de\/index.php?rest_route=\/wp\/v2\/types\/post"}],"author":[{"embeddable":true,"href":"https:\/\/laufkatrinlauf.de\/index.php?rest_route=\/wp\/v2\/users\/1"}],"replies":[{"embeddable":true,"href":"https:\/\/laufkatrinlauf.de\/index.php?rest_route=%2Fwp%2Fv2%2Fcomments&post=1290"}],"version-history":[{"count":5,"href":"https:\/\/laufkatrinlauf.de\/index.php?rest_route=\/wp\/v2\/posts\/1290\/revisions"}],"predecessor-version":[{"id":1297,"href":"https:\/\/laufkatrinlauf.de\/index.php?rest_route=\/wp\/v2\/posts\/1290\/revisions\/1297"}],"wp:attachment":[{"href":"https:\/\/laufkatrinlauf.de\/index.php?rest_route=%2Fwp%2Fv2%2Fmedia&parent=1290"}],"wp:term":[{"taxonomy":"category","embeddable":true,"href":"https:\/\/laufkatrinlauf.de\/index.php?rest_route=%2Fwp%2Fv2%2Fcategories&post=1290"},{"taxonomy":"post_tag","embeddable":true,"href":"https:\/\/laufkatrinlauf.de\/index.php?rest_route=%2Fwp%2Fv2%2Ftags&post=1290"}],"curies":[{"name":"wp","href":"https:\/\/api.w.org\/{rel}","templated":true}]}}