{"id":137,"date":"2013-03-17T00:00:04","date_gmt":"2013-03-16T23:00:04","guid":{"rendered":"http:\/\/laufkatrinlauf.de\/?p=137"},"modified":"2013-04-03T21:44:41","modified_gmt":"2013-04-03T19:44:41","slug":"17-03-2013-stimmungsschwankungen","status":"publish","type":"post","link":"https:\/\/laufkatrinlauf.de\/?p=137","title":{"rendered":"17.03.2013 Stimmungsschwankungen"},"content":{"rendered":"<p><strong><em>Nur noch 5 Wochen bis Hamburg oder &#8211; immer noch 5 Wochen Marathontraining.<\/em><\/strong><br \/>\n<em>Diese Woche lief ganz anders als geplant.<\/em><br \/>\n<em>Der Wochenstart nach dem letzten Laufwochenende, bei dem die L\u00e4ufer aus dem Lauftreff auf Schriesheim, Br\u00fchl und Frankfurt verteilt waren, \u00a0begann mit einer heftigen Email-Diskussion der Laufgruppe, wer nun vereinsintern\u00a0<\/em><em>unter Ber\u00fccksichtigung von K\u00f6rpergr\u00f6\u00dfe und Gewicht<\/em><em> der beste L\u00e4ufer gewesen w\u00e4re \u2026 man k\u00f6nne ja nicht nur das Alter ber\u00fccksichtigen.<\/em><br \/>\n<em>Am Dienstag &#8211; meinem Intervalltrainingstag &#8211; spielte der R\u00fccken nicht mit, f\u00fcr Intervalle war er absolut nicht zu gebrauchen. Statt dessen trabte ich gem\u00fctliche 7 km, um vielleicht etwas lockerer zu werden. Meine Laune war mies, ich hatte mir doch f\u00fcr diese Woche so viel vorgenommen. Selbst das Wetter war der Stimmung angepasst.<\/em><br \/>\n<a href=\"https:\/\/laufkatrinlauf.de\/?attachment_id=136\" rel=\"attachment wp-att-136\"><img loading=\"lazy\" decoding=\"async\" class=\"alignright size-full wp-image-136\" alt=\"Laufwetter 12.03.2013\" src=\"https:\/\/laufkatrinlauf.de\/wp-content\/uploads\/2013\/03\/Laufwetter-12.03.2013.jpg\" width=\"700\" height=\"344\" srcset=\"https:\/\/laufkatrinlauf.de\/wp-content\/uploads\/2013\/03\/Laufwetter-12.03.2013.jpg 700w, https:\/\/laufkatrinlauf.de\/wp-content\/uploads\/2013\/03\/Laufwetter-12.03.2013-300x147.jpg 300w, https:\/\/laufkatrinlauf.de\/wp-content\/uploads\/2013\/03\/Laufwetter-12.03.2013-624x306.jpg 624w\" sizes=\"auto, (max-width: 700px) 100vw, 700px\" \/><\/a><\/p>\n<p><em>Beim Laufgruppentraining am Donnerstag mit Tempoeinheiten zur Vorbereitung f\u00fcr die 10 km beim 27. <em>Sandhofer Stra\u00dfenlauf <\/em>musste ich das Tempo ausfallen lassen und lief mal als Schlusslicht. Ich war immer noch unsicher, was ich am Samstag tun sollte.<\/em><br \/>\n<em>Am Wettkampfmorgen entschied ich mich zu starten und einfach abzuwarten, ob ich hinterherrennen muss oder doch loslegen kann. Alle fragten gespannt, welche Zeit ich mir vorgenommen habe. 46:30 w\u00e4ren toll, aber das wollte ich nat\u00fcrlich nicht aussprechen, falls mein R\u00fccken unterwegs sagt, n\u00f6, ich kann nicht mehr.<\/em><br \/>\n<em>Beim Einlaufen hatten wir schon den Wind zu sp\u00fcren bekommen, also habe ich mir gleich Halstuch und Handschuhe rausgesucht &#8211; passend zu den kurzen Hosen \ud83d\ude09<\/em><br \/>\n<em>Am Start war ich dann nicht weit genug vorn, so dass es erst mal 600 m dauerte, bis ich mich freigek\u00e4mpft hatte.<\/em><\/p>\n<p><a href=\"https:\/\/laufkatrinlauf.de\/?attachment_id=166\" rel=\"attachment wp-att-166\"><img loading=\"lazy\" decoding=\"async\" class=\"alignleft size-full wp-image-166\" alt=\"Sandhofen_16.03.2013\" src=\"https:\/\/laufkatrinlauf.de\/wp-content\/uploads\/2013\/03\/Sandhofen_16.03.2013.jpg\" width=\"600\" height=\"276\" srcset=\"https:\/\/laufkatrinlauf.de\/wp-content\/uploads\/2013\/03\/Sandhofen_16.03.2013.jpg 600w, https:\/\/laufkatrinlauf.de\/wp-content\/uploads\/2013\/03\/Sandhofen_16.03.2013-300x138.jpg 300w\" sizes=\"auto, (max-width: 600px) 100vw, 600px\" \/><\/a><\/p>\n<p><em>Argw\u00f6hnisch be<\/em><em>obachtete ich meinen R\u00fccken, spielt er mit? \u00dcberraschung nach etwa 3,5 km &#8211; keine Schmerzen mehr zu sp\u00fcren \ud83d\ude42 Die Motiviation stieg sofort an und ich rechnete aus, was ich noch schaffen k\u00f6nnte. Sah gar nicht mal so schlecht aus.<\/em><br \/>\n<em>Die zweite Runde begann mit Anfeuerungsrufen vieler Zuschauer auch aus dem Verein, so dass ich die Z\u00e4hne zusammenbiss und versuchte, das Tempo zu erh\u00f6hen. Bei etwa 7 km h\u00f6rten wir von weitem, dass wohl die ersten ins Ziel einliefen. Die hatten es gut, schon angekommen und wir mussten noch 3 windige Kilometer durchstehen. Aber es war toll, immer wenn ich dachte, es geht nichts mehr, kamen wieder motivierende Zurufe von den Zuschauern und pl\u00f6tzlich war da doch von irgendwoher wieder Kraft.<\/em><br \/>\n<a href=\"https:\/\/laufkatrinlauf.de\/?attachment_id=173\" rel=\"attachment wp-att-173\"><img loading=\"lazy\" decoding=\"async\" class=\"alignleft size-full wp-image-173\" alt=\"Sandhofen_Zielrunde_16.03.2013\" src=\"https:\/\/laufkatrinlauf.de\/wp-content\/uploads\/2013\/03\/Sandhofen_Zielrunde_16.03.2013.jpg\" width=\"300\" height=\"377\" srcset=\"https:\/\/laufkatrinlauf.de\/wp-content\/uploads\/2013\/03\/Sandhofen_Zielrunde_16.03.2013.jpg 300w, https:\/\/laufkatrinlauf.de\/wp-content\/uploads\/2013\/03\/Sandhofen_Zielrunde_16.03.2013-238x300.jpg 238w\" sizes=\"auto, (max-width: 300px) 100vw, 300px\" \/><\/a><em>Dann war das Ziel schon zu sehen &#8211; aber noch eine dreiviertel Runde auf dem Sportplatz. 300 m <\/em><em>k\u00f6nnen ganz sch\u00f6n lang werden.<\/em><br \/>\n<em>Am Ziel <\/em><em>schnell auf die Garmin gedr\u00fcckt und geguckt und &#8211; 46:39 neue Bestzeit geschafft! Strahlend und \u00fcbergl\u00fccklich! Unglaublich, wie sich das Blatt wenden kann.<br \/>\nF\u00fcr unsere ganze Truppe wurde es wieder ein erfolgreicher Tag.<\/em><\/p>\n<p><em>Wir sind immer dankbar, dass unsere L\u00e4ufe von Anja Eli\u00dfer aus dem Verein mit zahlreichen Fotos dokumentiert werden.<br \/>\n<\/em><\/p>\n<p><a href=\"https:\/\/laufkatrinlauf.de\/?attachment_id=145\" rel=\"attachment wp-att-145\"><img loading=\"lazy\" decoding=\"async\" class=\"alignright size-full wp-image-145\" alt=\"Sandhofen Gruppenfoto 2013\" src=\"https:\/\/laufkatrinlauf.de\/wp-content\/uploads\/2013\/03\/Sandhofen-Gruppenfoto-2013.jpg\" width=\"700\" height=\"475\" srcset=\"https:\/\/laufkatrinlauf.de\/wp-content\/uploads\/2013\/03\/Sandhofen-Gruppenfoto-2013.jpg 700w, https:\/\/laufkatrinlauf.de\/wp-content\/uploads\/2013\/03\/Sandhofen-Gruppenfoto-2013-300x203.jpg 300w, https:\/\/laufkatrinlauf.de\/wp-content\/uploads\/2013\/03\/Sandhofen-Gruppenfoto-2013-624x423.jpg 624w\" sizes=\"auto, (max-width: 700px) 100vw, 700px\" \/><\/a><\/p>\n<p>&nbsp;<\/p>\n","protected":false},"excerpt":{"rendered":"<p>Nur noch 5 Wochen bis Hamburg oder &#8211; immer noch 5 Wochen Marathontraining. Diese Woche lief ganz anders als geplant. Der Wochenstart nach dem letzten Laufwochenende, bei dem die L\u00e4ufer aus dem Lauftreff auf Schriesheim, Br\u00fchl und Frankfurt verteilt waren, \u00a0begann mit einer heftigen Email-Diskussion der Laufgruppe, wer nun vereinsintern\u00a0unter Ber\u00fccksichtigung von K\u00f6rpergr\u00f6\u00dfe und Gewicht [&hellip;]<\/p>\n","protected":false},"author":1,"featured_media":0,"comment_status":"open","ping_status":"open","sticky":false,"template":"","format":"standard","meta":{"footnotes":""},"categories":[4,7],"tags":[10,35],"class_list":["post-137","post","type-post","status-publish","format-standard","hentry","category-marathonvorbereitung","category-wettkampf-10-km","tag-10-km-lauf","tag-marathonvorbereitung"],"_links":{"self":[{"href":"https:\/\/laufkatrinlauf.de\/index.php?rest_route=\/wp\/v2\/posts\/137","targetHints":{"allow":["GET"]}}],"collection":[{"href":"https:\/\/laufkatrinlauf.de\/index.php?rest_route=\/wp\/v2\/posts"}],"about":[{"href":"https:\/\/laufkatrinlauf.de\/index.php?rest_route=\/wp\/v2\/types\/post"}],"author":[{"embeddable":true,"href":"https:\/\/laufkatrinlauf.de\/index.php?rest_route=\/wp\/v2\/users\/1"}],"replies":[{"embeddable":true,"href":"https:\/\/laufkatrinlauf.de\/index.php?rest_route=%2Fwp%2Fv2%2Fcomments&post=137"}],"version-history":[{"count":62,"href":"https:\/\/laufkatrinlauf.de\/index.php?rest_route=\/wp\/v2\/posts\/137\/revisions"}],"predecessor-version":[{"id":202,"href":"https:\/\/laufkatrinlauf.de\/index.php?rest_route=\/wp\/v2\/posts\/137\/revisions\/202"}],"wp:attachment":[{"href":"https:\/\/laufkatrinlauf.de\/index.php?rest_route=%2Fwp%2Fv2%2Fmedia&parent=137"}],"wp:term":[{"taxonomy":"category","embeddable":true,"href":"https:\/\/laufkatrinlauf.de\/index.php?rest_route=%2Fwp%2Fv2%2Fcategories&post=137"},{"taxonomy":"post_tag","embeddable":true,"href":"https:\/\/laufkatrinlauf.de\/index.php?rest_route=%2Fwp%2Fv2%2Ftags&post=137"}],"curies":[{"name":"wp","href":"https:\/\/api.w.org\/{rel}","templated":true}]}}