{"id":1650,"date":"2014-06-02T22:53:02","date_gmt":"2014-06-02T20:53:02","guid":{"rendered":"http:\/\/laufkatrinlauf.de\/?p=1650"},"modified":"2014-06-05T23:51:00","modified_gmt":"2014-06-05T21:51:00","slug":"sap-arena-halbmarathon-in-mannheim","status":"publish","type":"post","link":"https:\/\/laufkatrinlauf.de\/?p=1650","title":{"rendered":"SAP Arena (Halb)Marathon in Mannheim"},"content":{"rendered":"<p><em><strong>Mit gutem Gef\u00fchl an den Start<\/strong><br \/>\nDie ganze Woche hatte ich kaum Zeit, an den Lauf zu denken. Mitten in den Renovierungsarbeiten hatte ich andere Sorgen als den Halbmarathon. Die Aufregung kam dann erst Samstag fr\u00fch. Aber trotzdem hatte ich das Gef\u00fchl, dass es gut laufen w\u00fcrde. Und so ging ich recht optimistisch an den Start. Das Wetter passte auch, es war sonnig, aber am Abend nicht mehr zu warm.<br \/>\nZuvor verfolgten wir noch den Lauf meiner Trainingskinder. Alle waren sie total aufgeregt. Aber wir hatten flei\u00dfig f\u00fcr die 2,1 km trainiert, es sollte also nichts schiefgehen. Und tats\u00e4chlich schafften es alle freudestrahlend mit super Zeiten ins Ziel \ud83d\ude42<br \/>\nDanach gab es noch einen Fototermin mit allen kleinen und gro\u00dfen L\u00e4ufern.<\/em><\/p>\n<p><img loading=\"lazy\" decoding=\"async\" class=\"aligncenter size-full wp-image-1662\" alt=\"2014-05-31_Gruppenfoto\" src=\"https:\/\/laufkatrinlauf.de\/wp-content\/uploads\/2014\/06\/2014-05-31_Gruppenfoto.jpg\" width=\"560\" height=\"371\" srcset=\"https:\/\/laufkatrinlauf.de\/wp-content\/uploads\/2014\/06\/2014-05-31_Gruppenfoto.jpg 560w, https:\/\/laufkatrinlauf.de\/wp-content\/uploads\/2014\/06\/2014-05-31_Gruppenfoto-300x198.jpg 300w\" sizes=\"auto, (max-width: 560px) 100vw, 560px\" \/><\/p>\n<p>Wie immer \u00fcbten wir uns im Schlangestehen an den Toiletten (so vergeht auch die Zeit \ud83d\ude09 ), noch ein wenig einlaufen und dann ging es an den Start. Die Stimmung wurde vom Moderator noch kr\u00e4ftig angeheizt und dann wurden wir losgelassen.<br \/>\nIch lief gleich anfangs flott los und konnte das Tempo lange halten. Die Kilometer flogen nur so dahin. Die neue Strecke war abwechslungsreich, wenn auch teilweise recht eng. Den ersten Teil kannten wir bereits von den letzten Jahren, dann ging es auf unsere Haus- und Hofstrecke in Richtung Maimarkt und dann SAP-Arena. Wir waren bereits vorher alle darauf gespannt, durch die SAP-Arena zu laufen. Es gab schon etwas G\u00e4nsehaus &#8211; und nicht nur, weil es angenehm k\u00fchl in der Halle war. Nur schade, dass kaum Zuschauer auf den R\u00e4ngen sa\u00dfen. Daf\u00fcr standen aber viele Begeisterte vor der Arena und empfingen uns mit Applaus und Anfeuerungsrufen.<br \/>\nDanach ging es \u00fcber die uns vom Training vertrauten Felder in Richtung Seckenheim. Und da war die H\u00f6lle los. Die Badener Stra\u00dfe war eine einzige Partymeile und begann mit dem Action Point unseres Vereins. T\u00f6dlich wie immer. Die vielen Zuschauer befl\u00fcgelten uns so, dass wir einfach schneller laufen mussten. Auch hier g\u00e4nsehautfeeling. Umso schwerer wurde es dann auf der Strecke danach. Die Luft war dann erst mal raus. Bald kamen aber weitere Punkte mit Zuschauern, die uns jubelnd und klatschend unterst\u00fctzten.<br \/>\nNach dem Fernsehturm trafen wir auf die sp\u00e4tere Marathon-Erste. Spontan klatschten auch wir L\u00e4ufer mit.<br \/>\nAb dort war es ja nicht mehr weit zum Ziel &#8211; aber f\u00fcr mich immer das schwerste St\u00fcck. Die Zuschauerreihen wurden wieder dichter, so dass man von der Stimmung mitgetragen wurde. Immerhin half das etwas dabei, das Tempo noch einmal zu erh\u00f6hen. Die letze schwere Runde zum Ziel l\u00e4chelte ich nur noch; gl\u00fccklich, dass ich es gleich geschafft hatte. Mich hochgerissenen Armen durchquerte ich das Ziel. Die Gedanken w\u00e4hrend des Laufs &#8222;warum laufe ich eigentlich so viele Kilometer&#8220; waren sofort vergessen. Der Zieleinlauf l\u00e4sst alle Zweifel verschwinden. Ich bin dann nur noch \u00fcbergl\u00fccklich.<br \/>\nIm Bereich nach dem Ziel warteten wir dann auf die anderen aus dem Lauftreff, sp\u00e4ter auf der Trib\u00fcne auch auf unsere 2 Marathonis. Alle schafften ihre Strecke und Jeder war mit sich zufrieden.<\/p>\n<p>Meine Zeit: 1:44:55<br \/>\nPlatz: 3. in der AK<\/p>\n","protected":false},"excerpt":{"rendered":"<p>Mit gutem Gef\u00fchl an den Start Die ganze Woche hatte ich kaum Zeit, an den Lauf zu denken. Mitten in den Renovierungsarbeiten hatte ich andere Sorgen als den Halbmarathon. Die Aufregung kam dann erst Samstag fr\u00fch. Aber trotzdem hatte ich das Gef\u00fchl, dass es gut laufen w\u00fcrde. Und so ging ich recht optimistisch an den [&hellip;]<\/p>\n","protected":false},"author":1,"featured_media":0,"comment_status":"open","ping_status":"open","sticky":false,"template":"","format":"standard","meta":{"footnotes":""},"categories":[8,37],"tags":[34],"class_list":["post-1650","post","type-post","status-publish","format-standard","hentry","category-halbmarathon","category-wettkampf","tag-halbmarathon"],"_links":{"self":[{"href":"https:\/\/laufkatrinlauf.de\/index.php?rest_route=\/wp\/v2\/posts\/1650","targetHints":{"allow":["GET"]}}],"collection":[{"href":"https:\/\/laufkatrinlauf.de\/index.php?rest_route=\/wp\/v2\/posts"}],"about":[{"href":"https:\/\/laufkatrinlauf.de\/index.php?rest_route=\/wp\/v2\/types\/post"}],"author":[{"embeddable":true,"href":"https:\/\/laufkatrinlauf.de\/index.php?rest_route=\/wp\/v2\/users\/1"}],"replies":[{"embeddable":true,"href":"https:\/\/laufkatrinlauf.de\/index.php?rest_route=%2Fwp%2Fv2%2Fcomments&post=1650"}],"version-history":[{"count":15,"href":"https:\/\/laufkatrinlauf.de\/index.php?rest_route=\/wp\/v2\/posts\/1650\/revisions"}],"predecessor-version":[{"id":1663,"href":"https:\/\/laufkatrinlauf.de\/index.php?rest_route=\/wp\/v2\/posts\/1650\/revisions\/1663"}],"wp:attachment":[{"href":"https:\/\/laufkatrinlauf.de\/index.php?rest_route=%2Fwp%2Fv2%2Fmedia&parent=1650"}],"wp:term":[{"taxonomy":"category","embeddable":true,"href":"https:\/\/laufkatrinlauf.de\/index.php?rest_route=%2Fwp%2Fv2%2Fcategories&post=1650"},{"taxonomy":"post_tag","embeddable":true,"href":"https:\/\/laufkatrinlauf.de\/index.php?rest_route=%2Fwp%2Fv2%2Ftags&post=1650"}],"curies":[{"name":"wp","href":"https:\/\/api.w.org\/{rel}","templated":true}]}}