{"id":1724,"date":"2014-08-11T21:57:12","date_gmt":"2014-08-11T19:57:12","guid":{"rendered":"http:\/\/laufkatrinlauf.de\/?p=1724"},"modified":"2014-08-11T21:57:12","modified_gmt":"2014-08-11T19:57:12","slug":"dritter-lauftag-im-camp","status":"publish","type":"post","link":"https:\/\/laufkatrinlauf.de\/?p=1724","title":{"rendered":"Dritter Lauftag im Camp"},"content":{"rendered":"<p><em><strong>Jedes Wetter ist Laufwetter<\/strong><br \/>\nIch habe heute fr\u00fch mal den &#8222;Hell und Wach&#8220;-Morgenlauf ausfallen lassen, gibt ja noch genug L\u00e4ufe \ud83d\ude09<br \/>\nUm zehn war Treffpunkt f\u00fcr verschiedene Strecken auf den Weg zu den Walsern. Ich schloss mich der mittleren Gruppe an.<br \/>\nWir liefen eine wundersch\u00f6ne Strecke \u00fcber 11,64 km, es regnete immer wieder. Aber wir sind ja L\u00e4ufer, schlechtes Laufwetter gibt es nicht. Da alle gut gelaunt waren, ist das wohl auch so \ud83d\ude42<br \/>\nK\u00fche s\u00e4umten unseren Weg, es gab wunderbare Ausblicke in den Bergen, ganz kurz schaute die Sonne mal durch die Wolken, und ich habe heute blauen Enzian entdeckt \ud83d\ude42<br \/>\nPositiver H\u00f6henunterschied: 593 m<br \/>\nNegativer H\u00f6henunterschied: 628 m<br \/>\nMin. H\u00f6he: 1.420 m<br \/>\nMax. H\u00f6he: 1.814 m<\/p>\n<p>Durchn\u00e4sst kehrten wir in die Bodenalpe ein. Dort st\u00e4rkten wir uns bei einer leckeren Brotzeit mit Speck, Schinken, K\u00e4se &#8230; und erfuhren bei einem Vortrag mehr \u00fcber das Leben der Walser.<br \/>\nDer Regenlauf zur\u00fcck nach Lech war nur kurze 4,9 km. Da blieb nat\u00fcrlich keine andere Wahl &#8211; wir mussten zum Abschluss dringend in die Sauna \ud83d\ude09<br \/>\n <\/em><br \/>\n<img loading=\"lazy\" decoding=\"async\" src=\"https:\/\/laufkatrinlauf.de\/wp-content\/uploads\/2014\/08\/2014-08-11_Regenlauf.jpg\" alt=\"2014-08-11_Regenlauf\" width=\"560\" height=\"287\" class=\"aligncenter size-full wp-image-1730\" srcset=\"https:\/\/laufkatrinlauf.de\/wp-content\/uploads\/2014\/08\/2014-08-11_Regenlauf.jpg 560w, https:\/\/laufkatrinlauf.de\/wp-content\/uploads\/2014\/08\/2014-08-11_Regenlauf-300x153.jpg 300w\" sizes=\"auto, (max-width: 560px) 100vw, 560px\" \/><br \/>\n<img loading=\"lazy\" decoding=\"async\" src=\"https:\/\/laufkatrinlauf.de\/wp-content\/uploads\/2014\/08\/2014-08-11_K\u00fche.jpg\" alt=\"2014-08-11_K\u00fche\" width=\"547\" height=\"288\" class=\"aligncenter size-full wp-image-1729\" srcset=\"https:\/\/laufkatrinlauf.de\/wp-content\/uploads\/2014\/08\/2014-08-11_K\u00fche.jpg 547w, https:\/\/laufkatrinlauf.de\/wp-content\/uploads\/2014\/08\/2014-08-11_K\u00fche-300x157.jpg 300w\" sizes=\"auto, (max-width: 547px) 100vw, 547px\" \/><br \/>\n<img loading=\"lazy\" decoding=\"async\" src=\"https:\/\/laufkatrinlauf.de\/wp-content\/uploads\/2014\/08\/2014-08-11_Enzian_.jpg\" alt=\"2014-08-11_Enzian_\" width=\"560\" height=\"420\" class=\"aligncenter size-full wp-image-1731\" srcset=\"https:\/\/laufkatrinlauf.de\/wp-content\/uploads\/2014\/08\/2014-08-11_Enzian_.jpg 560w, https:\/\/laufkatrinlauf.de\/wp-content\/uploads\/2014\/08\/2014-08-11_Enzian_-300x225.jpg 300w\" sizes=\"auto, (max-width: 560px) 100vw, 560px\" \/><br \/>\n<img loading=\"lazy\" decoding=\"async\" src=\"https:\/\/laufkatrinlauf.de\/wp-content\/uploads\/2014\/08\/2014-08-11_lauf.jpg\" alt=\"2014-08-11_lauf\" width=\"560\" height=\"571\" class=\"aligncenter size-full wp-image-1732\" srcset=\"https:\/\/laufkatrinlauf.de\/wp-content\/uploads\/2014\/08\/2014-08-11_lauf.jpg 560w, https:\/\/laufkatrinlauf.de\/wp-content\/uploads\/2014\/08\/2014-08-11_lauf-294x300.jpg 294w\" sizes=\"auto, (max-width: 560px) 100vw, 560px\" \/><\/p>\n","protected":false},"excerpt":{"rendered":"<p>Jedes Wetter ist Laufwetter Ich habe heute fr\u00fch mal den &#8222;Hell und Wach&#8220;-Morgenlauf ausfallen lassen, gibt ja noch genug L\u00e4ufe \ud83d\ude09 Um zehn war Treffpunkt f\u00fcr verschiedene Strecken auf den Weg zu den Walsern. Ich schloss mich der mittleren Gruppe an. Wir liefen eine wundersch\u00f6ne Strecke \u00fcber 11,64 km, es regnete immer wieder. Aber wir [&hellip;]<\/p>\n","protected":false},"author":1,"featured_media":0,"comment_status":"open","ping_status":"open","sticky":false,"template":"","format":"standard","meta":{"footnotes":""},"categories":[16,38],"tags":[20,23],"class_list":["post-1724","post","type-post","status-publish","format-standard","hentry","category-berglauf","category-laufcamp","tag-laufcamp","tag-traillauf"],"_links":{"self":[{"href":"https:\/\/laufkatrinlauf.de\/index.php?rest_route=\/wp\/v2\/posts\/1724","targetHints":{"allow":["GET"]}}],"collection":[{"href":"https:\/\/laufkatrinlauf.de\/index.php?rest_route=\/wp\/v2\/posts"}],"about":[{"href":"https:\/\/laufkatrinlauf.de\/index.php?rest_route=\/wp\/v2\/types\/post"}],"author":[{"embeddable":true,"href":"https:\/\/laufkatrinlauf.de\/index.php?rest_route=\/wp\/v2\/users\/1"}],"replies":[{"embeddable":true,"href":"https:\/\/laufkatrinlauf.de\/index.php?rest_route=%2Fwp%2Fv2%2Fcomments&post=1724"}],"version-history":[{"count":7,"href":"https:\/\/laufkatrinlauf.de\/index.php?rest_route=\/wp\/v2\/posts\/1724\/revisions"}],"predecessor-version":[{"id":1735,"href":"https:\/\/laufkatrinlauf.de\/index.php?rest_route=\/wp\/v2\/posts\/1724\/revisions\/1735"}],"wp:attachment":[{"href":"https:\/\/laufkatrinlauf.de\/index.php?rest_route=%2Fwp%2Fv2%2Fmedia&parent=1724"}],"wp:term":[{"taxonomy":"category","embeddable":true,"href":"https:\/\/laufkatrinlauf.de\/index.php?rest_route=%2Fwp%2Fv2%2Fcategories&post=1724"},{"taxonomy":"post_tag","embeddable":true,"href":"https:\/\/laufkatrinlauf.de\/index.php?rest_route=%2Fwp%2Fv2%2Ftags&post=1724"}],"curies":[{"name":"wp","href":"https:\/\/api.w.org\/{rel}","templated":true}]}}