{"id":2082,"date":"2015-03-29T22:00:19","date_gmt":"2015-03-29T20:00:19","guid":{"rendered":"http:\/\/laufkatrinlauf.de\/?p=2082"},"modified":"2015-03-30T21:25:56","modified_gmt":"2015-03-30T19:25:56","slug":"freiburg-marathon-am-29-maerz-2015","status":"publish","type":"post","link":"https:\/\/laufkatrinlauf.de\/?p=2082","title":{"rendered":"Freiburg Marathon am 29. M\u00e4rz 2015"},"content":{"rendered":"<p><em><strong>Mit Unwetterwarnung an den Start<\/strong><br \/>\nWir Lauftreffler nutzten den Marathon wieder f\u00fcr einen verl\u00e4ngerten Wochenendausflug und landeten bereits am Freitag in Freiburg. So hatten wir genug Zeit, die Stadt zu erkunden und schon einen Teil der Strecke kennenzulernen.<br \/>\n<a href=\"https:\/\/laufkatrinlauf.de\/wp-content\/uploads\/2015\/03\/20015-03-29_Vorbereitung-Marathon.jpg\"><img loading=\"lazy\" decoding=\"async\" class=\"alignleft size-full wp-image-2091\" src=\"https:\/\/laufkatrinlauf.de\/wp-content\/uploads\/2015\/03\/20015-03-29_Vorbereitung-Marathon.jpg\" alt=\"20015-03-29_Vorbereitung Marathon\" width=\"280\" height=\"497\" srcset=\"https:\/\/laufkatrinlauf.de\/wp-content\/uploads\/2015\/03\/20015-03-29_Vorbereitung-Marathon.jpg 280w, https:\/\/laufkatrinlauf.de\/wp-content\/uploads\/2015\/03\/20015-03-29_Vorbereitung-Marathon-169x300.jpg 169w\" sizes=\"auto, (max-width: 280px) 100vw, 280px\" \/><\/a><a href=\"https:\/\/laufkatrinlauf.de\/wp-content\/uploads\/2015\/03\/20015-03-29_Vortag-Marathon.jpg\"><img loading=\"lazy\" decoding=\"async\" class=\"alignright size-full wp-image-2094\" src=\"https:\/\/laufkatrinlauf.de\/wp-content\/uploads\/2015\/03\/20015-03-29_Vortag-Marathon.jpg\" alt=\"20015-03-29_Vortag Marathon\" width=\"280\" height=\"196\" \/><\/a><br \/>\nWir hatten perfektes Sightseeing-Wetter und konnten sogar auf einer Dachterrasse Kaffee trinken. Sorgen machte uns aber das angek\u00fcndigte Marathonwetter: Regen, Wind und Sturmb\u00f6en &#8230; Was soll man da anziehen? Selbst f\u00fcr die M\u00e4nner war es in dem Fall schwierig zu entscheiden \ud83d\ude09<br \/>\nSo gingen wir f\u00fcr alle Eventualit\u00e4ten pr\u00e4pariert am Sonntag an den Start:<br \/>\n1 Marathonstaffel,<br \/>\n1 Halbmarathoni und<br \/>\n5 Marathonl\u00e4ufer.<br \/>\n11:10 Uhr startete der erste bunte L\u00e4uferblock und wir mittendrin.<br \/>\nDie Strecke war recht kurzweilig, die ersten 15 Kilometer vergingen f\u00fcr mich recht schnell. Trotz Regen und starkem Wind standen viele Bands und Zuschauer am Stra\u00dfenrand, heizten uns ein und jubelten uns zu. Die Streckenverh\u00e4ltnisse \u00e4nderten sich st\u00e4ndig. Asphalt, Asphalt mit Schienen, Kopfsteinpflaster in verschiedenen Variationen &#8230; Steigungen, dann mal wieder bergab, Br\u00fccken &#8230; Wetterwechsel &#8230; es war von allem was dabei. Freiburg hatte f\u00fcr Abwechslung gesorgt \ud83d\ude09<br \/>\nWir waren vorerst zu Dritt unterwegs. Ich fand das sehr angenehm, irgendwie spart das Kraft, gemeinsam zu laufen. Im Stadtzentrum feuerten uns die Familien meiner Laufpartner an und wir bestellten schon mal Cola f\u00fcr die n\u00e4chste Runde \ud83d\ude09<br \/>\nKurz vor der Messe trennten sich die Halb- von den Marathonis. Die Halbmarathonl\u00e4ufer durften ins Ziel abbiegen, und wir starteten in die zweite Runde. Meine Anspannung fiel jetzt etwas von mir ab. Aufgrund meiner R\u00fcckenprobleme hatte ich mir offengelassen, nach der Halbmarathonmarke abzubrechen, aber nun wagte ich mich doch in die zweite H\u00e4lfte.<br \/>\nBis kurz vor dem Stadtzentrum liefen wir weiter alle drei zusammen, danach flitzte uns Christian davon. Die zweite Runde Marathon-Sightseeing war nun anstrengender. Da aber keine Halbmarathonis mehr mit unterwegs waren, war das L\u00e4uferfeld sehr \u00fcbersichtlich und die Zuschauer feuerten nun alle mit Namen an. Das spornt nat\u00fcrlich an und motiviert durchzuhalten. Immer wieder kam vom Stra\u00dfenrand: tolle Zeit, Du schaffst das, super Leistung &#8230; das zaubert dann auch wieder ein L\u00e4cheln ins Gesicht \ud83d\ude42\u00a0<a href=\"https:\/\/laufkatrinlauf.de\/wp-content\/uploads\/2015\/03\/2015-03-29_Freiburg-M.jpg\"><img loading=\"lazy\" decoding=\"async\" class=\"alignright size-full wp-image-2103\" src=\"https:\/\/laufkatrinlauf.de\/wp-content\/uploads\/2015\/03\/2015-03-29_Freiburg-M.jpg\" alt=\"2015-03-29_Freiburg-M\" width=\"280\" height=\"421\" srcset=\"https:\/\/laufkatrinlauf.de\/wp-content\/uploads\/2015\/03\/2015-03-29_Freiburg-M.jpg 280w, https:\/\/laufkatrinlauf.de\/wp-content\/uploads\/2015\/03\/2015-03-29_Freiburg-M-200x300.jpg 200w\" sizes=\"auto, (max-width: 280px) 100vw, 280px\" \/><\/a><br \/>\nDie letzten 10 km &#8211; die sowieso immer die schwierigsten sind &#8211; wurden dann von zunehmenden Wind erschwert. Besonders bei Steigungen k\u00e4mpften wir m\u00e4chtig gegen die B\u00f6en. Sogar Absperrungen kippten um. Aber wir waren schon auf dem R\u00fcckweg und ich z\u00e4hlte die Kilometer herunter &#8230; Wir lagen noch gut in der Zeit und unter 4 h sollte kein Problem werden.<br \/>\nDann konnte mein Laufpartner das Tempo aber nicht mehr halten und k\u00e4mpfte. Ich versuchte zu ziehen, aber die Kraft war bei ihm raus. So liefen wir langsamer weiter, durchhalten ist am Wichtigsten.<br \/>\nNach 4:05:43 waren wir geschafft im Ziel, aber gl\u00fccklich \u00fcber die durchgehaltenen 41,195 km.<br \/>\nNach und nach trafen wir auch die anderen unserer Gruppe. Sch\u00f6n, wenn man nicht allein unterwegs ist \ud83d\ude42<br \/>\nUnser Schnellster schaffte die Marathondistanz in 3:56:06, endg\u00fcltig alle im Ziel waren nach einer coolen Zeit von 4:44:44.<\/em><\/p>\n<p><em>Unsere Marathonstaffel: 4:01:21<\/em><br \/>\n<a href=\"https:\/\/laufkatrinlauf.de\/wp-content\/uploads\/2015\/03\/20015-03-29_Marathonstaffel.jpg\"><img loading=\"lazy\" decoding=\"async\" class=\"alignleft size-full wp-image-2090\" src=\"https:\/\/laufkatrinlauf.de\/wp-content\/uploads\/2015\/03\/20015-03-29_Marathonstaffel.jpg\" alt=\"20015-03-29_Marathonstaffel\" width=\"280\" height=\"250\" \/><\/a> <a href=\"https:\/\/laufkatrinlauf.de\/wp-content\/uploads\/2015\/03\/2015-03-29_Urkunde.jpg\"><img loading=\"lazy\" decoding=\"async\" class=\"alignright size-full wp-image-2089\" src=\"https:\/\/laufkatrinlauf.de\/wp-content\/uploads\/2015\/03\/2015-03-29_Urkunde.jpg\" alt=\"2015-03-29_Urkunde\" width=\"280\" height=\"209\" \/><\/a><\/p>\n<p><a href=\"https:\/\/laufkatrinlauf.de\/wp-content\/uploads\/2015\/03\/2015-03-29_Zieleinlauf_kl.jpg\"><img loading=\"lazy\" decoding=\"async\" class=\"alignleft size-full wp-image-2098\" src=\"https:\/\/laufkatrinlauf.de\/wp-content\/uploads\/2015\/03\/2015-03-29_Zieleinlauf_kl.jpg\" alt=\"2015-03-29_Zieleinlauf_kl\" width=\"280\" height=\"472\" srcset=\"https:\/\/laufkatrinlauf.de\/wp-content\/uploads\/2015\/03\/2015-03-29_Zieleinlauf_kl.jpg 280w, https:\/\/laufkatrinlauf.de\/wp-content\/uploads\/2015\/03\/2015-03-29_Zieleinlauf_kl-178x300.jpg 178w\" sizes=\"auto, (max-width: 280px) 100vw, 280px\" \/><\/a><\/p>\n<p><a href=\"https:\/\/laufkatrinlauf.de\/wp-content\/uploads\/2015\/03\/2015-03-29_Freiburg-Gruppe.jpg\"><img loading=\"lazy\" decoding=\"async\" class=\"aligncenter size-full wp-image-2101\" src=\"https:\/\/laufkatrinlauf.de\/wp-content\/uploads\/2015\/03\/2015-03-29_Freiburg-Gruppe.jpg\" alt=\"2015-03-29_Freiburg-Gruppe\" width=\"560\" height=\"328\" srcset=\"https:\/\/laufkatrinlauf.de\/wp-content\/uploads\/2015\/03\/2015-03-29_Freiburg-Gruppe.jpg 560w, https:\/\/laufkatrinlauf.de\/wp-content\/uploads\/2015\/03\/2015-03-29_Freiburg-Gruppe-300x176.jpg 300w\" sizes=\"auto, (max-width: 560px) 100vw, 560px\" \/><\/a><\/p>\n","protected":false},"excerpt":{"rendered":"<p>Mit Unwetterwarnung an den Start Wir Lauftreffler nutzten den Marathon wieder f\u00fcr einen verl\u00e4ngerten Wochenendausflug und landeten bereits am Freitag in Freiburg. So hatten wir genug Zeit, die Stadt zu erkunden und schon einen Teil der Strecke kennenzulernen. Wir hatten perfektes Sightseeing-Wetter und konnten sogar auf einer Dachterrasse Kaffee trinken. Sorgen machte uns aber das [&hellip;]<\/p>\n","protected":false},"author":1,"featured_media":0,"comment_status":"open","ping_status":"open","sticky":false,"template":"","format":"standard","meta":{"footnotes":""},"categories":[33],"tags":[6],"class_list":["post-2082","post","type-post","status-publish","format-standard","hentry","category-marathon","tag-marathon"],"_links":{"self":[{"href":"https:\/\/laufkatrinlauf.de\/index.php?rest_route=\/wp\/v2\/posts\/2082","targetHints":{"allow":["GET"]}}],"collection":[{"href":"https:\/\/laufkatrinlauf.de\/index.php?rest_route=\/wp\/v2\/posts"}],"about":[{"href":"https:\/\/laufkatrinlauf.de\/index.php?rest_route=\/wp\/v2\/types\/post"}],"author":[{"embeddable":true,"href":"https:\/\/laufkatrinlauf.de\/index.php?rest_route=\/wp\/v2\/users\/1"}],"replies":[{"embeddable":true,"href":"https:\/\/laufkatrinlauf.de\/index.php?rest_route=%2Fwp%2Fv2%2Fcomments&post=2082"}],"version-history":[{"count":12,"href":"https:\/\/laufkatrinlauf.de\/index.php?rest_route=\/wp\/v2\/posts\/2082\/revisions"}],"predecessor-version":[{"id":2104,"href":"https:\/\/laufkatrinlauf.de\/index.php?rest_route=\/wp\/v2\/posts\/2082\/revisions\/2104"}],"wp:attachment":[{"href":"https:\/\/laufkatrinlauf.de\/index.php?rest_route=%2Fwp%2Fv2%2Fmedia&parent=2082"}],"wp:term":[{"taxonomy":"category","embeddable":true,"href":"https:\/\/laufkatrinlauf.de\/index.php?rest_route=%2Fwp%2Fv2%2Fcategories&post=2082"},{"taxonomy":"post_tag","embeddable":true,"href":"https:\/\/laufkatrinlauf.de\/index.php?rest_route=%2Fwp%2Fv2%2Ftags&post=2082"}],"curies":[{"name":"wp","href":"https:\/\/api.w.org\/{rel}","templated":true}]}}