{"id":2106,"date":"2015-04-23T08:43:01","date_gmt":"2015-04-23T06:43:01","guid":{"rendered":"http:\/\/laufkatrinlauf.de\/?p=2106"},"modified":"2015-04-24T19:19:54","modified_gmt":"2015-04-24T17:19:54","slug":"entspannung-regeneration-laufen-nach-lust-und-laune","status":"publish","type":"post","link":"https:\/\/laufkatrinlauf.de\/?p=2106","title":{"rendered":"Entspannung, Regeneration, Laufen nach Lust und Laune"},"content":{"rendered":"<p><em>Ich glaube, es ist das erste mal, dass ich die Ruhepause nach dem Marathon so richtig genossen habe. Okay, mein R\u00fccken machte mir zun\u00e4chst noch zu schaffen, die erste Woche danach\u00a0war es eher eine Zwangspause. Aber ich bin\u00a0nicht lange auf dem Sofa sitzengeblieben, klar. Ich war beim Lauftreff, zwischendurch ein gem\u00fctlicher Lauf im Wohlf\u00fchltempo &#8230; aber ohne &#8222;Muss&#8220; &#8230; einfach aus Spa\u00df am Laufen. Wir L\u00e4ufer haben es sogar geschafft, fast regelm\u00e4\u00dfig schwimmen zu gehen, auch Abwechslung muss sein \ud83d\ude09<\/em><\/p>\n<p><em>Am Sonntag nun wollten die M\u00e4nner f\u00fcr den Heidelberger Halbmarathon trainieren. Ich hatte Lust, mitzulaufen, aber dachte, nach dem Pausieren w\u00e4re das etwas zu viel. Also entschied ich mich f\u00fcr die kurze Variante.\u00a0Wir starteten bei perfektem Wetter: Sonne und trotzdem so k\u00fchl, so dass ich beim Loslaufen noch fr\u00f6stelte. Ausgangspunkt war in Heidelberg am Neckar, bevor wir dann den beschwerlichen Philosophenweg hochliefen. Es f\u00fchlte sich erstauntlich gut an, ich brauchte keine Pause, machte kleine Schritte, lief in einem Tempo, dass ich durchhalten konnte &#8230; und hatte keinerlei Probleme. Es ging weiter aufw\u00e4rts im Wald bis zur Thingst\u00e4tte, dort nat\u00fcrlich mit Treppenlauf \ud83d\ude09 Nach der Freude \u00fcber das problemlose Berglaufen bin ich dann doch noch weiter bis zum Wei\u00dfen Stein mitgelaufen.\u00a0Es ist einfach ein sch\u00f6ner Lauf im Wald, in Begleitung sowieso.<\/em><br \/>\n<a href=\"https:\/\/laufkatrinlauf.de\/wp-content\/uploads\/2015\/04\/2015-04-19_HD2.jpg\"><img loading=\"lazy\" decoding=\"async\" class=\"aligncenter size-full wp-image-2111\" src=\"https:\/\/laufkatrinlauf.de\/wp-content\/uploads\/2015\/04\/2015-04-19_HD2.jpg\" alt=\"2015-04-19_HD2\" width=\"560\" height=\"315\" srcset=\"https:\/\/laufkatrinlauf.de\/wp-content\/uploads\/2015\/04\/2015-04-19_HD2.jpg 560w, https:\/\/laufkatrinlauf.de\/wp-content\/uploads\/2015\/04\/2015-04-19_HD2-300x169.jpg 300w\" sizes=\"auto, (max-width: 560px) 100vw, 560px\" \/><\/a><br \/>\n<a href=\"https:\/\/laufkatrinlauf.de\/wp-content\/uploads\/2015\/04\/2015-04-19_HD1.jpg\"><img loading=\"lazy\" decoding=\"async\" class=\"aligncenter size-full wp-image-2112\" src=\"https:\/\/laufkatrinlauf.de\/wp-content\/uploads\/2015\/04\/2015-04-19_HD1.jpg\" alt=\"2015-04-19_HD1\" width=\"560\" height=\"465\" srcset=\"https:\/\/laufkatrinlauf.de\/wp-content\/uploads\/2015\/04\/2015-04-19_HD1.jpg 560w, https:\/\/laufkatrinlauf.de\/wp-content\/uploads\/2015\/04\/2015-04-19_HD1-300x249.jpg 300w\" sizes=\"auto, (max-width: 560px) 100vw, 560px\" \/><\/a><br \/>\n<em>Leider muss man aber wieder bergab. Das ist dann wohl der schwierigere Teil. Da meldete sich auch schon mal das linke Knie. Gerade hatte ich gelesen, auch f\u00fcr die Muskeln am Knie sollte man was tun. Oh Mann, es gibt einfach zu viele Muskeln zu trainieren. Bergab kam uns die ganze Strecke viel steiler vor als bergauf. F\u00fcr mich war das auch der anstrengende Teil, zumal auch mein R\u00fccken das Abw\u00e4rtslaufen nicht so gut fand \ud83d\ude41<\/em><\/p>\n<p><em>Aber letztendlich geschafft und 19 km auf der Garmin. War so nicht geplant und erst mal bereute ich meine \u00dcberm\u00fctigkeit. Ich hatte Angst, mein R\u00fccken k\u00f6nnte es mir wieder l\u00e4ngere Zeit \u00fcbelnehmen. Aber nach Verschnaufpause und hei\u00dfer Dusche zu Hause kam dann doch das Wohlf\u00fchlen, das angenehme Gef\u00fchl nach einem geschafften schwierigen Lauf \ud83d\ude42<\/em><\/p>\n<p><em>Interessant f\u00fcr mich war, dass ich den Berglauf nach dem Pausieren so angenehm fand und die Steigungen ohne Probleme bew\u00e4ltigte. Vielleicht brauche ich weniger Training, aber mehr Pausen? \ud83d\ude09<\/em><\/p>\n","protected":false},"excerpt":{"rendered":"<p>Ich glaube, es ist das erste mal, dass ich die Ruhepause nach dem Marathon so richtig genossen habe. Okay, mein R\u00fccken machte mir zun\u00e4chst noch zu schaffen, die erste Woche danach\u00a0war es eher eine Zwangspause. Aber ich bin\u00a0nicht lange auf dem Sofa sitzengeblieben, klar. Ich war beim Lauftreff, zwischendurch ein gem\u00fctlicher Lauf im Wohlf\u00fchltempo &#8230; [&hellip;]<\/p>\n","protected":false},"author":1,"featured_media":0,"comment_status":"open","ping_status":"open","sticky":false,"template":"","format":"standard","meta":{"footnotes":""},"categories":[25],"tags":[26],"class_list":["post-2106","post","type-post","status-publish","format-standard","hentry","category-regeneration","tag-regeneration"],"_links":{"self":[{"href":"https:\/\/laufkatrinlauf.de\/index.php?rest_route=\/wp\/v2\/posts\/2106","targetHints":{"allow":["GET"]}}],"collection":[{"href":"https:\/\/laufkatrinlauf.de\/index.php?rest_route=\/wp\/v2\/posts"}],"about":[{"href":"https:\/\/laufkatrinlauf.de\/index.php?rest_route=\/wp\/v2\/types\/post"}],"author":[{"embeddable":true,"href":"https:\/\/laufkatrinlauf.de\/index.php?rest_route=\/wp\/v2\/users\/1"}],"replies":[{"embeddable":true,"href":"https:\/\/laufkatrinlauf.de\/index.php?rest_route=%2Fwp%2Fv2%2Fcomments&post=2106"}],"version-history":[{"count":3,"href":"https:\/\/laufkatrinlauf.de\/index.php?rest_route=\/wp\/v2\/posts\/2106\/revisions"}],"predecessor-version":[{"id":2113,"href":"https:\/\/laufkatrinlauf.de\/index.php?rest_route=\/wp\/v2\/posts\/2106\/revisions\/2113"}],"wp:attachment":[{"href":"https:\/\/laufkatrinlauf.de\/index.php?rest_route=%2Fwp%2Fv2%2Fmedia&parent=2106"}],"wp:term":[{"taxonomy":"category","embeddable":true,"href":"https:\/\/laufkatrinlauf.de\/index.php?rest_route=%2Fwp%2Fv2%2Fcategories&post=2106"},{"taxonomy":"post_tag","embeddable":true,"href":"https:\/\/laufkatrinlauf.de\/index.php?rest_route=%2Fwp%2Fv2%2Ftags&post=2106"}],"curies":[{"name":"wp","href":"https:\/\/api.w.org\/{rel}","templated":true}]}}