{"id":2118,"date":"2015-05-11T08:38:11","date_gmt":"2015-05-11T06:38:11","guid":{"rendered":"http:\/\/laufkatrinlauf.de\/?p=2118"},"modified":"2015-05-11T09:52:56","modified_gmt":"2015-05-11T07:52:56","slug":"sap-arena-halb-marathon-mannheim","status":"publish","type":"post","link":"https:\/\/laufkatrinlauf.de\/?p=2118","title":{"rendered":"SAP Arena (Halb-)Marathon Mannheim"},"content":{"rendered":"<p><em><strong>Gemeinsamer Start beim D\u00e4mmermarathon in Mannheim<\/strong><\/em><br \/>\n<a href=\"https:\/\/laufkatrinlauf.de\/wp-content\/uploads\/2015\/05\/2015-05-09_SAP-Marathon1.jpg\"><img loading=\"lazy\" decoding=\"async\" class=\"aligncenter size-full wp-image-2116\" src=\"https:\/\/laufkatrinlauf.de\/wp-content\/uploads\/2015\/05\/2015-05-09_SAP-Marathon1.jpg\" alt=\"2015-05-09_SAP Marathon1\" width=\"580\" height=\"435\" srcset=\"https:\/\/laufkatrinlauf.de\/wp-content\/uploads\/2015\/05\/2015-05-09_SAP-Marathon1.jpg 580w, https:\/\/laufkatrinlauf.de\/wp-content\/uploads\/2015\/05\/2015-05-09_SAP-Marathon1-300x225.jpg 300w\" sizes=\"auto, (max-width: 580px) 100vw, 580px\" \/><\/a><br \/>\n<em>Nach dem Zusammenfinden des Lauftreffs im Januar 2012\u00a0starteten wir nun schon das vierte\u00a0mal gemeinsam beim D\u00e4mmermarathon. Inzwischen mit 13 Startern beim Halbmarathon und einem Marathoni. Susanne wagte sich sogar das erste mal auf die Strecke.<\/em><br \/>\n<a href=\"https:\/\/laufkatrinlauf.de\/wp-content\/uploads\/2015\/05\/2015-05-09_SAP-Marathon2.jpg\"><img loading=\"lazy\" decoding=\"async\" class=\"aligncenter size-full wp-image-2117\" src=\"https:\/\/laufkatrinlauf.de\/wp-content\/uploads\/2015\/05\/2015-05-09_SAP-Marathon2.jpg\" alt=\"2015-05-09_SAP Marathon2\" width=\"580\" height=\"378\" srcset=\"https:\/\/laufkatrinlauf.de\/wp-content\/uploads\/2015\/05\/2015-05-09_SAP-Marathon2.jpg 580w, https:\/\/laufkatrinlauf.de\/wp-content\/uploads\/2015\/05\/2015-05-09_SAP-Marathon2-300x196.jpg 300w\" sizes=\"auto, (max-width: 580px) 100vw, 580px\" \/><\/a><br \/>\n<em>Das Schwierigste war das Warten auf den Start um 19:00 Uhr. Den ganzen Tag hatten wir Zeit, \u00fcber unsere Wehwehchen zu klagen, alle waren aufgeregt, so ein Start am Abend l\u00e4sst eben viel Zeit daf\u00fcr \ud83d\ude09<br \/>\nAber letztendlich ging es los, bei herrlichem Wetter, wenn auch f\u00fcr einen Lauf zu warm. Wie immer gab es viel Gedr\u00e4nge und kurz nach dem Start schon den ersten Stau. Ich war mit einem &#8222;Leihlaufpartner&#8220; unterwegs, wir wollten voneinander profitieren. Unser Ziel war, m\u00f6glichst 4:50er Pace durchzulaufen. Bei Sonnenschein und zeitweilig Gegenwind war das aber dann doch nicht so einfach.<br \/>\nDer erste Teil der Strecke war eng und kurvig. Das L\u00e4uferfeld war zu dicht, um ungehindert gleichm\u00e4\u00dfig laufen zu k\u00f6nnen. Aber die Vorfreude auf Seckenheim \u00fcberwog. Wir wussten, dass uns dort die Stimmung ein St\u00fcck mittragen w\u00fcrde. Und dann tats\u00e4chlich wieder G\u00e4nsehaut. So viele Anfeuerungsrufe, Freunde, Bekannte &#8230; totaler Wahnsinn. Hochstimmung am Stand vom SV 98\/07 Seckenheim mit pers\u00f6nlicher Begr\u00fc\u00dfung jedes SV-L\u00e4ufers. Die gesamte Badener Stra\u00dfe entlang wurde gejubelt, was f\u00fcr eine tolle Stimmung. Allein daf\u00fcr lohnt es sich, hier mitzulaufen \ud83d\ude42<br \/>\nUnd dann aus Seckenheim raus begann das K\u00e4mpfen. Die Luft war raus, die Beine schwer &#8230; Ab Kilometer 13 wurden wir etwas langsamer, liefen aber gleichm\u00e4\u00dfig bis zum Schluss. Allein h\u00e4tte ich l\u00e4ngst Tempo rausgenommen, aber so zogen wir uns gegenseitig, keiner wollte sich die Bl\u00f6se geben \ud83d\ude09<br \/>\nNach einem Zieleinlaufsprint hatten wir 1:45:33 auf der Uhr. Geschafft, geschafft &#8211; total ausgelaugt, aber geschafft \ud83d\ude42<br \/>\nAuch alle anderen kamen freudestrahlend \u00fcber die bew\u00e4ltigte Strapaze ins Ziel. Jeder war gl\u00fccklich und das musste nat\u00fcrlich gefeiert werden. Am Sonntag gab es dann Grillparty im Garten. Die Sonne belohnte uns mit fantastischem Wetter. Und das Unglaubliche: es wurde bereits \u00fcber die n\u00e4chsten L\u00e4ufe gefachsimpelt &#8230;<br \/>\n<\/em><br \/>\n<strong>Ergebnis:<\/strong><\/p>\n<p><strong>Gesamt<\/strong><br \/>\nPlatz (M\/W) 63<br \/>\nPlatz (AK) 1<br \/>\nPlatz (Gesamt) 628<br \/>\nZielzeit (Netto) 01:45:33<br \/>\nZielzeit (Brutto) 01:46:16<\/p>\n<p>&nbsp;<\/p>\n<table width=\"454\">\n<tbody>\n<tr>\n<td width=\"105\"><strong>Split<\/strong><\/td>\n<td width=\"104\"><strong>Zeit<\/strong><\/td>\n<td width=\"76\"><strong>Diff<\/strong><\/td>\n<td width=\"85\"><strong>min\/km<\/strong><\/td>\n<td width=\"85\"><strong>km\/h<\/strong><\/td>\n<\/tr>\n<tr>\n<td width=\"105\">6,1 km<\/td>\n<td width=\"104\">00:29:11<\/td>\n<td width=\"76\">29:11<\/td>\n<td width=\"85\">04:48<\/td>\n<td width=\"85\">12.54<\/td>\n<\/tr>\n<tr>\n<td width=\"105\">11,6 km<\/td>\n<td width=\"104\">00:55:07<\/td>\n<td width=\"76\">25:56<\/td>\n<td width=\"85\">04:43<\/td>\n<td width=\"85\">12.72<\/td>\n<\/tr>\n<tr>\n<td width=\"105\">Ziel<\/td>\n<td width=\"104\">01:45:33<\/td>\n<td width=\"76\">50:26<\/td>\n<td width=\"85\">05:19<\/td>\n<td width=\"85\">11.30<\/td>\n<\/tr>\n<\/tbody>\n<\/table>\n<p>&nbsp;<\/p>\n","protected":false},"excerpt":{"rendered":"<p>Gemeinsamer Start beim D\u00e4mmermarathon in Mannheim Nach dem Zusammenfinden des Lauftreffs im Januar 2012\u00a0starteten wir nun schon das vierte\u00a0mal gemeinsam beim D\u00e4mmermarathon. Inzwischen mit 13 Startern beim Halbmarathon und einem Marathoni. Susanne wagte sich sogar das erste mal auf die Strecke. Das Schwierigste war das Warten auf den Start um 19:00 Uhr. Den ganzen Tag [&hellip;]<\/p>\n","protected":false},"author":1,"featured_media":0,"comment_status":"open","ping_status":"open","sticky":false,"template":"","format":"standard","meta":{"footnotes":""},"categories":[8,37],"tags":[34,12],"class_list":["post-2118","post","type-post","status-publish","format-standard","hentry","category-halbmarathon","category-wettkampf","tag-halbmarathon","tag-wettkampf"],"_links":{"self":[{"href":"https:\/\/laufkatrinlauf.de\/index.php?rest_route=\/wp\/v2\/posts\/2118","targetHints":{"allow":["GET"]}}],"collection":[{"href":"https:\/\/laufkatrinlauf.de\/index.php?rest_route=\/wp\/v2\/posts"}],"about":[{"href":"https:\/\/laufkatrinlauf.de\/index.php?rest_route=\/wp\/v2\/types\/post"}],"author":[{"embeddable":true,"href":"https:\/\/laufkatrinlauf.de\/index.php?rest_route=\/wp\/v2\/users\/1"}],"replies":[{"embeddable":true,"href":"https:\/\/laufkatrinlauf.de\/index.php?rest_route=%2Fwp%2Fv2%2Fcomments&post=2118"}],"version-history":[{"count":13,"href":"https:\/\/laufkatrinlauf.de\/index.php?rest_route=\/wp\/v2\/posts\/2118\/revisions"}],"predecessor-version":[{"id":2135,"href":"https:\/\/laufkatrinlauf.de\/index.php?rest_route=\/wp\/v2\/posts\/2118\/revisions\/2135"}],"wp:attachment":[{"href":"https:\/\/laufkatrinlauf.de\/index.php?rest_route=%2Fwp%2Fv2%2Fmedia&parent=2118"}],"wp:term":[{"taxonomy":"category","embeddable":true,"href":"https:\/\/laufkatrinlauf.de\/index.php?rest_route=%2Fwp%2Fv2%2Fcategories&post=2118"},{"taxonomy":"post_tag","embeddable":true,"href":"https:\/\/laufkatrinlauf.de\/index.php?rest_route=%2Fwp%2Fv2%2Ftags&post=2118"}],"curies":[{"name":"wp","href":"https:\/\/api.w.org\/{rel}","templated":true}]}}