{"id":2234,"date":"2015-06-13T10:45:37","date_gmt":"2015-06-13T08:45:37","guid":{"rendered":"http:\/\/laufkatrinlauf.de\/?p=2234"},"modified":"2015-06-16T22:23:28","modified_gmt":"2015-06-16T20:23:28","slug":"citylauf-viernheim-3-laender-laufcup-2015","status":"publish","type":"post","link":"https:\/\/laufkatrinlauf.de\/?p=2234","title":{"rendered":"Citylauf Viernheim &#8211; 3-L\u00e4nder-Laufcup 2015"},"content":{"rendered":"<p><em><strong>2. Start beim 3-L\u00e4nder-Laufcup<\/strong><\/em><\/p>\n<p><em>Termine:<\/em><br \/>\n<em> 15.03.2015 &#8211; 9. Heini-Langlotz-Lauf Br\u00fchl (nicht gestartet)<\/em><br \/>\n<em> 16.05.2015 &#8211; 27. SWEN-Weinbergslauf Gr\u00fcnstadt<\/em><br \/>\n<em> <strong>13.06.2015 &#8211; 18. Brundtland-Citylauf Viernheim<\/strong><\/em><br \/>\n<em> 13.09.2015 &#8211; 36. Golfparklauf Rot<\/em><\/p>\n<p><em>Heute geht es auf zum 2. Lauf f\u00fcr mich beim Laufcup. Nach Grimms M\u00e4rchenl\u00e4ufen habe ich mich diese Woche nur erholt, also mal sehen, was meine Beine heute zu dem Start sagen. Ab Mittwoch waren die Beine soweit okay, daf\u00fcr war ich aber die ganze Woche unheimlich m\u00fcde. Der K\u00f6rper hatte wohl ein bisschen zu tun, die 80 km zu verarbeiten \ud83d\ude09<\/em><\/p>\n<p><em><strong>\u00dcberraschung<\/strong><\/em><br \/>\n<em>Die Woche Regeneration hat wohl gut getan &#8211; es lief \u00fcberraschend gut in Viernheim. An Hitze hatte ich mich wohl schon beim Grimm Lauf gew\u00f6hnt, so dass die 25\u00b0C\u00a0mich nicht zu sehr st\u00f6rten. Die Strecke\u00a0ist etwas gew\u00f6hnungsbed\u00fcrftig. Es sind 4 Runden mit &#8222;kantigen&#8220; Richtungswechsel zu laufen. Andererseits wei\u00df man nach der ersten Runde, was einen erwartet.\u00a0<\/em><br \/>\n<em>In der 3. Runde wurden wir vom 1. L\u00e4ufer \u00fcberholt, w\u00e4hrend wir den Besenwagen \u00fcberrundeten \ud83d\ude09<\/em><br \/>\n<em>Es fiel mir nicht ganz leicht, durchgehend schnell zu laufen, aber wir zogen uns gegenseitig. So schafften wir dann eine gute Zeit von 45:18 min. Damit gewann ich den erhofften Obsteimer f\u00fcr den 1. Platz in der Ak \ud83d\ude42<\/em><br \/>\n<a href=\"https:\/\/laufkatrinlauf.de\/wp-content\/uploads\/2015\/06\/2015-06-13_Viernheim.jpg\"><img loading=\"lazy\" decoding=\"async\" src=\"https:\/\/laufkatrinlauf.de\/wp-content\/uploads\/2015\/06\/2015-06-13_Viernheim.jpg\" alt=\"2015-06-13_Viernheim\" width=\"580\" height=\"435\" class=\"alignleft size-full wp-image-2246\" srcset=\"https:\/\/laufkatrinlauf.de\/wp-content\/uploads\/2015\/06\/2015-06-13_Viernheim.jpg 580w, https:\/\/laufkatrinlauf.de\/wp-content\/uploads\/2015\/06\/2015-06-13_Viernheim-300x225.jpg 300w\" sizes=\"auto, (max-width: 580px) 100vw, 580px\" \/><\/a><\/p>\n","protected":false},"excerpt":{"rendered":"<p>2. Start beim 3-L\u00e4nder-Laufcup Termine: 15.03.2015 &#8211; 9. Heini-Langlotz-Lauf Br\u00fchl (nicht gestartet) 16.05.2015 &#8211; 27. SWEN-Weinbergslauf Gr\u00fcnstadt 13.06.2015 &#8211; 18. Brundtland-Citylauf Viernheim 13.09.2015 &#8211; 36. Golfparklauf Rot Heute geht es auf zum 2. Lauf f\u00fcr mich beim Laufcup. Nach Grimms M\u00e4rchenl\u00e4ufen habe ich mich diese Woche nur erholt, also mal sehen, was meine Beine heute [&hellip;]<\/p>\n","protected":false},"author":1,"featured_media":0,"comment_status":"open","ping_status":"open","sticky":false,"template":"","format":"standard","meta":{"footnotes":""},"categories":[7],"tags":[10],"class_list":["post-2234","post","type-post","status-publish","format-standard","hentry","category-wettkampf-10-km","tag-10-km-lauf"],"_links":{"self":[{"href":"https:\/\/laufkatrinlauf.de\/index.php?rest_route=\/wp\/v2\/posts\/2234","targetHints":{"allow":["GET"]}}],"collection":[{"href":"https:\/\/laufkatrinlauf.de\/index.php?rest_route=\/wp\/v2\/posts"}],"about":[{"href":"https:\/\/laufkatrinlauf.de\/index.php?rest_route=\/wp\/v2\/types\/post"}],"author":[{"embeddable":true,"href":"https:\/\/laufkatrinlauf.de\/index.php?rest_route=\/wp\/v2\/users\/1"}],"replies":[{"embeddable":true,"href":"https:\/\/laufkatrinlauf.de\/index.php?rest_route=%2Fwp%2Fv2%2Fcomments&post=2234"}],"version-history":[{"count":5,"href":"https:\/\/laufkatrinlauf.de\/index.php?rest_route=\/wp\/v2\/posts\/2234\/revisions"}],"predecessor-version":[{"id":2238,"href":"https:\/\/laufkatrinlauf.de\/index.php?rest_route=\/wp\/v2\/posts\/2234\/revisions\/2238"}],"wp:attachment":[{"href":"https:\/\/laufkatrinlauf.de\/index.php?rest_route=%2Fwp%2Fv2%2Fmedia&parent=2234"}],"wp:term":[{"taxonomy":"category","embeddable":true,"href":"https:\/\/laufkatrinlauf.de\/index.php?rest_route=%2Fwp%2Fv2%2Fcategories&post=2234"},{"taxonomy":"post_tag","embeddable":true,"href":"https:\/\/laufkatrinlauf.de\/index.php?rest_route=%2Fwp%2Fv2%2Ftags&post=2234"}],"curies":[{"name":"wp","href":"https:\/\/api.w.org\/{rel}","templated":true}]}}