{"id":2357,"date":"2015-08-18T17:11:20","date_gmt":"2015-08-18T15:11:20","guid":{"rendered":"http:\/\/laufkatrinlauf.de\/?p=2357"},"modified":"2015-08-23T20:44:10","modified_gmt":"2015-08-23T18:44:10","slug":"laufcamp-von-runners-world-in-lech-am-arlberg","status":"publish","type":"post","link":"https:\/\/laufkatrinlauf.de\/?p=2357","title":{"rendered":"Laufcamp von runner&#8217;s world in Lech am Arlberg"},"content":{"rendered":"<p><em><strong>14. bis 23. August 2015<\/strong><br \/>\n<a href=\"https:\/\/laufkatrinlauf.de\/wp-content\/uploads\/2015\/08\/Lech.jpg\"><img loading=\"lazy\" decoding=\"async\" class=\"aligncenter size-full wp-image-2365\" src=\"https:\/\/laufkatrinlauf.de\/wp-content\/uploads\/2015\/08\/Lech.jpg\" alt=\"Lech\" width=\"560\" height=\"420\" srcset=\"https:\/\/laufkatrinlauf.de\/wp-content\/uploads\/2015\/08\/Lech.jpg 560w, https:\/\/laufkatrinlauf.de\/wp-content\/uploads\/2015\/08\/Lech-300x225.jpg 300w\" sizes=\"auto, (max-width: 560px) 100vw, 560px\" \/><\/a><br \/>\n&#8230; inzwischen ist das Laufcamp schon 5 Tage alt und ich habe kr\u00e4ftigen Muskelkater in den Oberschenkeln. Aber beim Laufen sp\u00fcrt man das ja kaum. Nur Treppensteigen ist anstrengend.<br \/>\nSamstag war noch Eingew\u00f6hnung mit einem kurzen L\u00e4ufchen.<br \/>\n<strong>Sonntag:<\/strong><br \/>\n21,4 km mit 961 hm &#8211; Lauf \u00fcber B\u00fcrstegg, Einkehr in die Bodenalpe mit toller Brotzeit und Vortrag, Lauf zur\u00fcck nach Lech.<br \/>\n<strong>Montag:<\/strong><br \/>\n5,66 km und 540 hm &#8211; Start 6 Uhr, Lauf zur Kriegeralpe, absolutes Verw\u00f6hn-Fr\u00fchst\u00fcck \ud83d\ude42<br \/>\n6,9 km und 255 hm &#8211; gem\u00fctlicher Lauf auf den Spuren von K\u00fcnstlern, Tieren und Fabelwesen<br \/>\n<strong>Dienstag:<\/strong><br \/>\n23,46 km und 860 hm &#8211; Lauf zum Spullersee, Ravensburger H\u00fctte, zur\u00fcck nach Lech &#8230; in Begleitung von Sonne \ud83d\ude42 Endlich \ud83d\ude42<br \/>\n<a href=\"https:\/\/laufkatrinlauf.de\/wp-content\/uploads\/2015\/08\/2015-08-18_Laufcamp.jpg\"><img loading=\"lazy\" decoding=\"async\" class=\"aligncenter size-full wp-image-2356\" src=\"https:\/\/laufkatrinlauf.de\/wp-content\/uploads\/2015\/08\/2015-08-18_Laufcamp.jpg\" alt=\"2015-08-18_Laufcamp\" width=\"560\" height=\"439\" srcset=\"https:\/\/laufkatrinlauf.de\/wp-content\/uploads\/2015\/08\/2015-08-18_Laufcamp.jpg 560w, https:\/\/laufkatrinlauf.de\/wp-content\/uploads\/2015\/08\/2015-08-18_Laufcamp-300x235.jpg 300w\" sizes=\"auto, (max-width: 560px) 100vw, 560px\" \/><\/a><a href=\"https:\/\/laufkatrinlauf.de\/wp-content\/uploads\/2015\/08\/Lauf-zum-Spullersee.jpg\"><img loading=\"lazy\" decoding=\"async\" class=\"aligncenter size-full wp-image-2355\" src=\"https:\/\/laufkatrinlauf.de\/wp-content\/uploads\/2015\/08\/Lauf-zum-Spullersee.jpg\" alt=\"Lauf zum Spullersee\" width=\"485\" height=\"317\" srcset=\"https:\/\/laufkatrinlauf.de\/wp-content\/uploads\/2015\/08\/Lauf-zum-Spullersee.jpg 485w, https:\/\/laufkatrinlauf.de\/wp-content\/uploads\/2015\/08\/Lauf-zum-Spullersee-300x196.jpg 300w\" sizes=\"auto, (max-width: 485px) 100vw, 485px\" \/><\/a><a href=\"https:\/\/laufkatrinlauf.de\/wp-content\/uploads\/2015\/08\/2015-\u00df8-18_R\u00fcckweg-Spullersee.jpg\"><img loading=\"lazy\" decoding=\"async\" class=\"aligncenter size-full wp-image-2354\" src=\"https:\/\/laufkatrinlauf.de\/wp-content\/uploads\/2015\/08\/2015-\u00df8-18_R\u00fcckweg-Spullersee.jpg\" alt=\"2015-08-18_R\u00fcckweg Spullersee\" width=\"560\" height=\"420\" srcset=\"https:\/\/laufkatrinlauf.de\/wp-content\/uploads\/2015\/08\/2015-\u00df8-18_R\u00fcckweg-Spullersee.jpg 560w, https:\/\/laufkatrinlauf.de\/wp-content\/uploads\/2015\/08\/2015-\u00df8-18_R\u00fcckweg-Spullersee-300x225.jpg 300w\" sizes=\"auto, (max-width: 560px) 100vw, 560px\" \/><\/a><br \/>\n<strong>Mittwoch:<\/strong><br \/>\nRegenerationstag \ud83d\ude42<br \/>\nKurzer Lauf, Wanderung, Sauna, Wanderung &#8230;<br \/>\n<strong>Donnerstag:<\/strong><br \/>\nWanderung zum und durch das Steinerne Meer zur Freiburger H\u00fctte.<br \/>\nWundersch\u00f6ner Traillauf von der Freiburger H\u00fctte nach Lech, 15,5 km, 842 hm &#8230;<br \/>\nDer Muskelkater in den Oberschenkeln hat sich fast verabschiedet, aber die Waden melden sich nun heftig &#8230; das Abw\u00e4rtslaufen ist eben ungewohnt.<br \/>\n<a href=\"https:\/\/laufkatrinlauf.de\/wp-content\/uploads\/2015\/08\/2015-08-20_Steinernes-Meer.jpg\"><img loading=\"lazy\" decoding=\"async\" class=\"aligncenter size-full wp-image-2364\" src=\"https:\/\/laufkatrinlauf.de\/wp-content\/uploads\/2015\/08\/2015-08-20_Steinernes-Meer.jpg\" alt=\"2015-08-20_Steinernes Meer\" width=\"560\" height=\"420\" srcset=\"https:\/\/laufkatrinlauf.de\/wp-content\/uploads\/2015\/08\/2015-08-20_Steinernes-Meer.jpg 560w, https:\/\/laufkatrinlauf.de\/wp-content\/uploads\/2015\/08\/2015-08-20_Steinernes-Meer-300x225.jpg 300w\" sizes=\"auto, (max-width: 560px) 100vw, 560px\" \/><\/a><br \/>\n<strong>Freitag:<\/strong><br \/>\nErholung vor dem Wettkampf. Vormittag gem\u00fctlicher Lauf zum Wasserfall. 6,11 km und 135 hm.<br \/>\nDanach auf zur Kriegeralpe (aber dieses mal mit der Bahn) zum Kaisserschmarrn essen &#8211; Vorbereitung f\u00fcr morgen \ud83d\ude09<br \/>\n<a href=\"https:\/\/laufkatrinlauf.de\/wp-content\/uploads\/2015\/08\/2015-08-21_Kriegeralpe_.jpg\"><img loading=\"lazy\" decoding=\"async\" src=\"https:\/\/laufkatrinlauf.de\/wp-content\/uploads\/2015\/08\/2015-08-21_Kriegeralpe_.jpg\" alt=\"2015-08-21_Kriegeralpe_\" width=\"560\" height=\"675\" class=\"aligncenter size-full wp-image-2377\" srcset=\"https:\/\/laufkatrinlauf.de\/wp-content\/uploads\/2015\/08\/2015-08-21_Kriegeralpe_.jpg 560w, https:\/\/laufkatrinlauf.de\/wp-content\/uploads\/2015\/08\/2015-08-21_Kriegeralpe_-249x300.jpg 249w\" sizes=\"auto, (max-width: 560px) 100vw, 560px\" \/><\/a><br \/>\nNachmittag Warm Up f\u00fcr den H\u00f6henhalbmarathon und Tannenberglauf mit Lauf-ABC und Streching.<br \/>\n<strong>Samstag:<\/strong><br \/>\n<a href=\"https:\/\/laufkatrinlauf.de\/wp-content\/uploads\/2015\/08\/2015-08-23_Lech-Lauf.jpg\"><img loading=\"lazy\" decoding=\"async\" class=\"aligncenter size-full wp-image-2371\" src=\"https:\/\/laufkatrinlauf.de\/wp-content\/uploads\/2015\/08\/2015-08-23_Lech-Lauf.jpg\" alt=\"2015-08-23_Lech Lauf\" width=\"560\" height=\"746\" srcset=\"https:\/\/laufkatrinlauf.de\/wp-content\/uploads\/2015\/08\/2015-08-23_Lech-Lauf.jpg 560w, https:\/\/laufkatrinlauf.de\/wp-content\/uploads\/2015\/08\/2015-08-23_Lech-Lauf-225x300.jpg 225w\" sizes=\"auto, (max-width: 560px) 100vw, 560px\" \/><\/a><br \/>\n10:00 Uhr Start f\u00fcr den H\u00f6henhalbmarathon (23 km und 975 hm) und den Tannenberglauf (13,5 km und 838 hm).<br \/>\nDie Sonne versuchte, die Vers\u00e4umnisse der gesamten Woche nachzuholen. So war der Start bei bestem Wetter. Wir waren nach der Campwoche alle hochmotiviert und jeder hatte so seine eigenen Ziele. Ich wollte versuchen, 1 min schneller als im Vorjahr zu laufen. Der Anfang war gut. Bis zum steilsten Anstieg nach der Bodenalpe lief ich durch. Die steile Kuhwiese aufw\u00e4rts war dann nur im Gehen zu bew\u00e4ltigen. Na gut, es gab schon Einzelne, die versuchten, hochzulaufen. Aber daf\u00fcr war es eigentlich viel zu matschig. Nach dem Hang ging es dann nur noch auf Wegen weiter, jedoch erst einmal noch lange bergauf. Es gab nur noch Wenige, die durchg\u00e4ngig liefen, die meisten bevorzugten schnelles Gehen. Jeder Schritt wurde schwerer und so gut es auch die Sonne mit uns meinte, f\u00fcr den Lauf war es dann einfach zu viel. Bis km 9,4 ging es immer wieder bergauf bergab. Abw\u00e4rts war recht schwierig, da die Wege teils eng, oft matschig und auch von K\u00fchen flei\u00dfig benutzt &#8230; so musste man voll auf den Weg konzentriert laufen. Und dann endlich nur noch abw\u00e4rts &#8230; allerdings konnte ich nicht so schnell wie ich gern wollte. Es war teils so steil, dass ich bremsen musste. Bei 12 km ca. war dann der rasante Abw\u00e4rtslauf zu Ende und es ging flach noch 1,5 km weiter bis zum Ziel. Bei mir aber nur noch schleppend. Und bei km 12,22 flitzte bereits der Erste vom H\u00f6henhalbmarathon an mir vor\u00fcber und nach weiteren 600 m schon der Zweite. Wie machen die das nur. 10 km mehr als ich &#8230;<br \/>\nLetztendlich schaffte ich die Strecke in 1:34:21, also langsamer als im Vorjahr, trotzdem aber zufrieden, gut angekommen zu sein.<br \/>\nUnsere gesamte Truppe erreichte verletzungsfrei das Ziel und die Stimmung danach war einfach grandios.<\/em><br \/>\n<a href=\"https:\/\/laufkatrinlauf.de\/wp-content\/uploads\/2015\/08\/profil-tannenberglauf.png\"><img loading=\"lazy\" decoding=\"async\" class=\"aligncenter size-large wp-image-2369\" src=\"https:\/\/laufkatrinlauf.de\/wp-content\/uploads\/2015\/08\/profil-tannenberglauf-1024x710.png\" alt=\"profil tannenberglauf\" width=\"625\" height=\"433\" srcset=\"https:\/\/laufkatrinlauf.de\/wp-content\/uploads\/2015\/08\/profil-tannenberglauf-1024x710.png 1024w, https:\/\/laufkatrinlauf.de\/wp-content\/uploads\/2015\/08\/profil-tannenberglauf-300x208.png 300w, https:\/\/laufkatrinlauf.de\/wp-content\/uploads\/2015\/08\/profil-tannenberglauf-624x433.png 624w, https:\/\/laufkatrinlauf.de\/wp-content\/uploads\/2015\/08\/profil-tannenberglauf.png 1164w\" sizes=\"auto, (max-width: 625px) 100vw, 625px\" \/><\/a><br \/>\n<a href=\"https:\/\/laufkatrinlauf.de\/wp-content\/uploads\/2015\/08\/2015-08-22_Lech-Ziel.jpg\"><img loading=\"lazy\" decoding=\"async\" class=\"aligncenter size-full wp-image-2373\" src=\"https:\/\/laufkatrinlauf.de\/wp-content\/uploads\/2015\/08\/2015-08-22_Lech-Ziel.jpg\" alt=\"2015-08-22_Lech Ziel\" width=\"560\" height=\"420\" srcset=\"https:\/\/laufkatrinlauf.de\/wp-content\/uploads\/2015\/08\/2015-08-22_Lech-Ziel.jpg 560w, https:\/\/laufkatrinlauf.de\/wp-content\/uploads\/2015\/08\/2015-08-22_Lech-Ziel-300x225.jpg 300w\" sizes=\"auto, (max-width: 560px) 100vw, 560px\" \/><\/a><a href=\"https:\/\/laufkatrinlauf.de\/wp-content\/uploads\/2015\/08\/2015-08-22_Lech.jpg\"><img loading=\"lazy\" decoding=\"async\" class=\"aligncenter size-full wp-image-2372\" src=\"https:\/\/laufkatrinlauf.de\/wp-content\/uploads\/2015\/08\/2015-08-22_Lech.jpg\" alt=\"2015-08-22_Lech\" width=\"560\" height=\"420\" srcset=\"https:\/\/laufkatrinlauf.de\/wp-content\/uploads\/2015\/08\/2015-08-22_Lech.jpg 560w, https:\/\/laufkatrinlauf.de\/wp-content\/uploads\/2015\/08\/2015-08-22_Lech-300x225.jpg 300w\" sizes=\"auto, (max-width: 560px) 100vw, 560px\" \/><\/a><\/p>\n","protected":false},"excerpt":{"rendered":"<p>14. bis 23. August 2015 &#8230; inzwischen ist das Laufcamp schon 5 Tage alt und ich habe kr\u00e4ftigen Muskelkater in den Oberschenkeln. Aber beim Laufen sp\u00fcrt man das ja kaum. Nur Treppensteigen ist anstrengend. Samstag war noch Eingew\u00f6hnung mit einem kurzen L\u00e4ufchen. Sonntag: 21,4 km mit 961 hm &#8211; Lauf \u00fcber B\u00fcrstegg, Einkehr in die [&hellip;]<\/p>\n","protected":false},"author":1,"featured_media":0,"comment_status":"open","ping_status":"open","sticky":false,"template":"","format":"standard","meta":{"footnotes":""},"categories":[16,38],"tags":[],"class_list":["post-2357","post","type-post","status-publish","format-standard","hentry","category-berglauf","category-laufcamp"],"_links":{"self":[{"href":"https:\/\/laufkatrinlauf.de\/index.php?rest_route=\/wp\/v2\/posts\/2357","targetHints":{"allow":["GET"]}}],"collection":[{"href":"https:\/\/laufkatrinlauf.de\/index.php?rest_route=\/wp\/v2\/posts"}],"about":[{"href":"https:\/\/laufkatrinlauf.de\/index.php?rest_route=\/wp\/v2\/types\/post"}],"author":[{"embeddable":true,"href":"https:\/\/laufkatrinlauf.de\/index.php?rest_route=\/wp\/v2\/users\/1"}],"replies":[{"embeddable":true,"href":"https:\/\/laufkatrinlauf.de\/index.php?rest_route=%2Fwp%2Fv2%2Fcomments&post=2357"}],"version-history":[{"count":14,"href":"https:\/\/laufkatrinlauf.de\/index.php?rest_route=\/wp\/v2\/posts\/2357\/revisions"}],"predecessor-version":[{"id":2360,"href":"https:\/\/laufkatrinlauf.de\/index.php?rest_route=\/wp\/v2\/posts\/2357\/revisions\/2360"}],"wp:attachment":[{"href":"https:\/\/laufkatrinlauf.de\/index.php?rest_route=%2Fwp%2Fv2%2Fmedia&parent=2357"}],"wp:term":[{"taxonomy":"category","embeddable":true,"href":"https:\/\/laufkatrinlauf.de\/index.php?rest_route=%2Fwp%2Fv2%2Fcategories&post=2357"},{"taxonomy":"post_tag","embeddable":true,"href":"https:\/\/laufkatrinlauf.de\/index.php?rest_route=%2Fwp%2Fv2%2Ftags&post=2357"}],"curies":[{"name":"wp","href":"https:\/\/api.w.org\/{rel}","templated":true}]}}