{"id":2839,"date":"2016-05-24T22:31:34","date_gmt":"2016-05-24T20:31:34","guid":{"rendered":"http:\/\/laufkatrinlauf.de\/?p=2839"},"modified":"2016-06-10T12:04:32","modified_gmt":"2016-06-10T10:04:32","slug":"mit-dabei-beim-44-gutsmuths-rennsteiglauf-am-21-mai","status":"publish","type":"post","link":"https:\/\/laufkatrinlauf.de\/?p=2839","title":{"rendered":"Mit dabei beim 44. GutsMuths-Rennsteiglauf am 21. Mai 2016"},"content":{"rendered":"<p><em><strong>Marathon mit Rennsteiglied und Schneewalzer<\/strong><br \/>\nNach anstrengender Vorbereitung und gro\u00dfem Respekt vor dem Rennsteiglauf ging es bereits am Vortag nach Th\u00fcringen. Wir hatten uns f\u00fcr den &#8222;normalen&#8220; Marathon entschieden mit Start in Neuhaus am Rennweg und Ziel Schmiedefeld. Daher holten wir zun\u00e4chst unsere Unterlagen am Startort, a\u00dfen Th\u00fcringer Kl\u00f6\u00dfe mit Roulade statt Pasta und genossen die tolle Stimmung. Beim Tanz stimmten wir unsere Muskeln schon mal auf den bevorstehenden Lauf ein.<br \/>\nDanach fuhren wir nach Schmiedefeld, um das Auto f\u00fcr den n\u00e4chsten Tag abzustellen. Hm, man h\u00e4tte den Parkplatz vorreservieren k\u00f6nnen, es war bereits alles voll mit Autos, Wohnmobilen, dazwischen Zelte und Grills. Aber wir durften uns dann doch noch ein Pl\u00e4tzchen am Rande suchen.<br \/>\nAm n\u00e4chsten Morgen mussten wir gegen 5 Uhr aus dem Bett, um dann den Shuttle nach Neuhaus zu erreichen. Die Fahrt zu den verschiedenen Startorten war super organisiert, Shuttlebusse sammelten \u00fcberall L\u00e4ufer ein. In Schmiedefeld war dann gleich wieder ordentlich Stimmung, sogar der Grill f\u00fcr die Th\u00fcringer Bratwurst wurde schon angeheizt.<br \/>\nDann ging es zum Startbereich. Vorsichtshalber reihten wir uns weit hinten ein. Ein Hubschrauber kreiste \u00fcber uns und filmte die gro\u00dfartige Atmosph\u00e4re beim Singen des Rennsteigliedes und Schunkeln zum Schneewalzer. Wir freuten uns auf den Startschuss. Stimmung und bestes Rennsteigwetter sorgten daf\u00fcr, dass wir entspannter losliefen als gedacht. In gem\u00fctlichem Tempo trabten wir gemeinsam mit 3.091 Marathonis (690 Frauen und 2.401 M\u00e4nner) los. Und dann ging es gleich erst mal bergauf. Ge\u00fcbt auf Strecken zum Wei\u00dfen Stein und auf dem Philosophenweg in Heidelberg lie\u00dfen wir uns dadurch aber nicht abschrecken.<br \/>\nNachdem wir zun\u00e4chst auf Asphalt unterwegs waren, war bald gem\u00fctlich vorbei. Der Untergrund wechselte danach st\u00e4ndig, mal stolperte man \u00fcber Wurzeln, dann wieder \u00fcber Steine auf den Schotterwegen. An Abwechslung fehlte es da jedenfalls nicht. Freudige \u00dcberraschung gab es f\u00fcr mich bei der ersten Getr\u00e4nkestation: es gab hier schon Cola. Die Verpflegung auf der Strecke war ganz anders als gewohnt, nix mit Gels, sondern Obst, Schnittchen mit K\u00e4se und Wurst, Haferschleim &#8230; ich f\u00fchlte mich bestens versorgt, da ich mit den Gels nicht klarkomme. Mein Magen war jedenfalls mit Cola, Haferschleim, Zitronenscheiben und Brot zufrieden.<br \/>\nDie teilweise engen Wege mit vielen Stolperfallen sorgten daf\u00fcr, dass immer mal wieder jemand st\u00fcrzte. Bei Kilometer 9,5 war ich dann auch dran. Zum Gl\u00fcck gab es nur ein paar Schrammen und gleich auch hilfreiche L\u00e4ufer. Okay, damit war aber der Sturz schon mal abgehakt \ud83d\ude09<br \/>\nNach 18,3 km erreichten wir den Eselsberg bei Masserberg, mit 841,5 m den h\u00f6chsten Punkt der Marathonstrecke. Wir nahmen uns Zeit, die Atmosph\u00e4re hier zu genie\u00dfen, schl\u00fcrften Haferschleim, schwatzten mit Zuschauern &#8230; der Lauf machte einfach Spa\u00df. Nach der Halbmarathonmarke gab es den ersten Stau. Der enge steile Weg bergab war mit Wurzeln und Steinen gepflastert, so dass einige nur sehr vorsichtig abw\u00e4rts gingen. Der anspruchsvolle, st\u00e4ndig wechselnde Untergrund der Strecke war eine gr\u00f6\u00dfere Herausforderung als die Steigungen. Diese hatte ich bisher alle laufend bew\u00e4ltigt und hatte vor, das bis zum Ende auch beizubehalten. Den Erz\u00e4hlungen nach sollte jedoch noch eine &#8222;schlimme&#8220; Steigung kommen. Und das irgendwann nach 30 Kilometern, wo der Marathon eigentlich erst losgeht.<br \/>\nKurz vor km 32 musste ich mein Vorhaben aufgeben, alles bergauf zu laufen und schnaufte gehend mit allen anderen den steinigen Weg bergauf. Durch den st\u00e4ndigen Wechsel von bergauf-bergab konnten sich die m\u00fcden Muskeln immer wieder erholen, w\u00e4hrend dann andere gefordert wurden. Die Trails waren auch f\u00fcr F\u00fc\u00dfe und Knie eine extra Herausforderung.<br \/>\nNachdem auch diese Steigung bew\u00e4ltigt war, gab es einen kurzen Uhrenvergleich &#8230; bisher waren wir nicht nach Zeit gelaufen, aber jetzt war das Ziel langsam absehbar. Viereinhalb Stunden w\u00e4ren schon cool. Ich \u00fcberschlug kurz Strecke und verbliebene Zeit und entschied, ab jetzt etwas mehr Gas zu geben. Vorsichtig legte ich los. Kein Muskel streikte, meinem Magen ging es auch gut, der Haferschleim hat wohl gut gewirkt \ud83d\ude09 Von nun an lief ich durchg\u00e4ngig auch alle Steigungen. Ich freute mich, dass die Kilometer vorbeiflogen, konnte aber auch noch die Stimmung der Zuschauer in mich aufnehmen. Kein abwesendes Schleppen auf den letzten Kilometern wie sonst. Ich war jetzt schon gl\u00fccklich, obwohl noch gar nicht im Ziel. Und das konnte man nur bergauf erreichen. Das war schon hart, im letzten Kilometer noch mal eine Steigung zu bew\u00e4ltigen &#8230; und zu guter Letzt noch eine dreiviertel Runde um den Sportplatz. Geschafft, geschafft &#8230; mit hochgerissenen Armen rannte ich durch den Zielbogen. Ich war unheimlich gl\u00fccklich, den Rennsteiglauf in der Tasche zu haben, und mir ging es danach auch noch so richtig gut.<br \/>\nAlle, die mir zuvor immer wieder vom Rennsteig erz\u00e4hlt hatten, hatten nicht \u00fcbertrieben. Der Rennsteig hat uns \u00fcberzeugt, toller Lauf, super Atmosph\u00e4re, einmalige Verpflegung, perfekte Organisation, &#8230; die Stimmung war einfach phantastisch &#8230; vorher, mittendrin und danach.<br \/>\nDanke an alle Organisatoren und Helfer, die daf\u00fcr gesorgt haben, dass dieser Marathon ein unvergessliches Erlebnis f\u00fcr mich werden konnte.<\/em><\/p>\n<p><em>Gesamtzeit: 4:30:29<br \/>\nGesamtplatz Frauen: 176<br \/>\nAK-Platz: 41<\/em><\/p>\n<p>Erstausstattung zum Rennsteiglauf:<br \/>\n<img loading=\"lazy\" decoding=\"async\" class=\"aligncenter size-full wp-image-2850\" src=\"https:\/\/laufkatrinlauf.de\/wp-content\/uploads\/2016\/05\/2016-05-21_Erstausstattung_Rennsteiglauf.jpg\" alt=\"2016-05-21_Erstausstattung_Rennsteiglauf\" width=\"560\" height=\"545\" srcset=\"https:\/\/laufkatrinlauf.de\/wp-content\/uploads\/2016\/05\/2016-05-21_Erstausstattung_Rennsteiglauf.jpg 560w, https:\/\/laufkatrinlauf.de\/wp-content\/uploads\/2016\/05\/2016-05-21_Erstausstattung_Rennsteiglauf-300x292.jpg 300w\" sizes=\"auto, (max-width: 560px) 100vw, 560px\" \/><br \/>\nEs geht los:<br \/>\n<img loading=\"lazy\" decoding=\"async\" class=\"aligncenter size-full wp-image-2844\" src=\"https:\/\/laufkatrinlauf.de\/wp-content\/uploads\/2016\/05\/2016-05-20_Start_Rennsteiglauf.jpg\" alt=\"2016-05-20_Start_Rennsteiglauf\" width=\"560\" height=\"315\" srcset=\"https:\/\/laufkatrinlauf.de\/wp-content\/uploads\/2016\/05\/2016-05-20_Start_Rennsteiglauf.jpg 560w, https:\/\/laufkatrinlauf.de\/wp-content\/uploads\/2016\/05\/2016-05-20_Start_Rennsteiglauf-300x169.jpg 300w\" sizes=\"auto, (max-width: 560px) 100vw, 560px\" \/><br \/>\nH\u00f6chster Punkt bei 18.3 km erreicht:<br \/>\n<img loading=\"lazy\" decoding=\"async\" class=\"aligncenter size-full wp-image-2842\" src=\"https:\/\/laufkatrinlauf.de\/wp-content\/uploads\/2016\/05\/2016-05-20_183km_Rennsteiglauf.jpg\" alt=\"2016-05-20_18,3km_Rennsteiglauf\" width=\"560\" height=\"315\" srcset=\"https:\/\/laufkatrinlauf.de\/wp-content\/uploads\/2016\/05\/2016-05-20_183km_Rennsteiglauf.jpg 560w, https:\/\/laufkatrinlauf.de\/wp-content\/uploads\/2016\/05\/2016-05-20_183km_Rennsteiglauf-300x169.jpg 300w\" sizes=\"auto, (max-width: 560px) 100vw, 560px\" \/><br \/>\nGep\u00e4ckaufbewahrung:<br \/>\n<img loading=\"lazy\" decoding=\"async\" class=\"aligncenter size-full wp-image-2843\" src=\"https:\/\/laufkatrinlauf.de\/wp-content\/uploads\/2016\/05\/2016-05-20_Gep\u00e4ck_Rennsteiglauf.jpg\" alt=\"2016-05-20_Gep\u00e4ck_Rennsteiglauf\" width=\"560\" height=\"315\" srcset=\"https:\/\/laufkatrinlauf.de\/wp-content\/uploads\/2016\/05\/2016-05-20_Gep\u00e4ck_Rennsteiglauf.jpg 560w, https:\/\/laufkatrinlauf.de\/wp-content\/uploads\/2016\/05\/2016-05-20_Gep\u00e4ck_Rennsteiglauf-300x169.jpg 300w\" sizes=\"auto, (max-width: 560px) 100vw, 560px\" \/><br \/>\nIm Ziel:<br \/>\n<img loading=\"lazy\" decoding=\"async\" src=\"https:\/\/laufkatrinlauf.de\/wp-content\/uploads\/2016\/06\/2016-05-21_Ziel_Rennsteig_klein.jpg\" alt=\"2016-05-21_Ziel_Rennsteig_klein\" width=\"560\" height=\"375\" class=\"aligncenter size-full wp-image-2879\" srcset=\"https:\/\/laufkatrinlauf.de\/wp-content\/uploads\/2016\/06\/2016-05-21_Ziel_Rennsteig_klein.jpg 560w, https:\/\/laufkatrinlauf.de\/wp-content\/uploads\/2016\/06\/2016-05-21_Ziel_Rennsteig_klein-300x201.jpg 300w\" sizes=\"auto, (max-width: 560px) 100vw, 560px\" \/><br \/>\nZieleinlauf unseres Supermarathonis:<br \/>\n<img loading=\"lazy\" decoding=\"async\" src=\"https:\/\/laufkatrinlauf.de\/wp-content\/uploads\/2016\/05\/2016-05-21_ZielHarald_Rennsteiglauf.jpg\" alt=\"2016-05-21_ZielHarald_Rennsteiglauf\" width=\"560\" height=\"373\" class=\"aligncenter size-full wp-image-2865\" srcset=\"https:\/\/laufkatrinlauf.de\/wp-content\/uploads\/2016\/05\/2016-05-21_ZielHarald_Rennsteiglauf.jpg 560w, https:\/\/laufkatrinlauf.de\/wp-content\/uploads\/2016\/05\/2016-05-21_ZielHarald_Rennsteiglauf-300x200.jpg 300w\" sizes=\"auto, (max-width: 560px) 100vw, 560px\" \/><br \/>\nStimmung nach dem Lauf am Abend:<br \/>\n<img loading=\"lazy\" decoding=\"async\" class=\"aligncenter size-full wp-image-2845\" src=\"https:\/\/laufkatrinlauf.de\/wp-content\/uploads\/2016\/05\/2016-05-20_Stimmung_Rennsteiglauf.jpg\" alt=\"2016-05-20_Stimmung_Rennsteiglauf\" width=\"560\" height=\"420\" srcset=\"https:\/\/laufkatrinlauf.de\/wp-content\/uploads\/2016\/05\/2016-05-20_Stimmung_Rennsteiglauf.jpg 560w, https:\/\/laufkatrinlauf.de\/wp-content\/uploads\/2016\/05\/2016-05-20_Stimmung_Rennsteiglauf-300x225.jpg 300w\" sizes=\"auto, (max-width: 560px) 100vw, 560px\" \/><\/p>\n<p><em>Zum \u00dcben f\u00fcr n\u00e4chstes Jahr:<\/em><br \/>\n<em><strong>Das Rennsteiglied<\/strong><br \/>\nIch wandre ja so gerne am Rennsteig durch das Land,<br \/>\nden Beutel auf dem R\u00fccken, die Klampfe in der Hand.<br \/>\nIch bin ein lustger Wandersmann, so v\u00f6llig unbeschwert,<br \/>\nmein Lied erklingt durch Busch und Tann, das jeder gerne h\u00f6rt.<\/p>\n<p>Diesen Weg auf den H\u00f6hen bin ich oft gegangen<br \/>\nV\u00f6glein sangen Lieder.<br \/>\nBin ich weit in der Welt, habe ich verlangen,<br \/>\nTh\u00fcringer Wald nur nach Dir.<\/p>\n<p>Durch Buchen, Fichten, Tannen so schreit ich in den Tag,<br \/>\nbegegne vielen Freunden, sie sind von meinem Schlag.<br \/>\nIch jodle lustig in das Tal, das Echo bringt&#8217;s zur\u00fcck.<br \/>\nDen Rennsteig gibt&#8217;s ja nur einmal und nur ein Wandergl\u00fcck.<\/p>\n<p>Diesen Weg auf den H\u00f6hen bin ich oft gegangen<br \/>\nV\u00f6glein sangen Lieder.<br \/>\nBin ich weit in der Welt, habe ich verlangen,<br \/>\nTh\u00fcringer Wald nur nach Dir.<\/p>\n<p>An silber klaren B\u00e4chen sich manches M\u00fchlrad dreht,<br \/>\nda rast ich wenn die Sonne so glutrot untergeht.<br \/>\nIch bleib, so lang es mir gef\u00e4llt und ruf es allen zu:<br \/>\nAm sch\u00f6nsten Pl\u00e4tzchen dieser Welt, da find ich meine Ruh.<\/p>\n<p>Diesen Weg auf den H\u00f6hen bin ich oft gegangen<br \/>\nV\u00f6glein sangen Lieder.<br \/>\nBin ich weit in der Welt, habe ich verlangen,<br \/>\nTh\u00fcringer Wald nur nach Dir. <\/p>\n<p> Musik: Herbert Roth, Text: Karl M\u00fcller<br \/>\nDas Rennsteiglied 1981<\/em><br \/>\n<img loading=\"lazy\" decoding=\"async\" src=\"https:\/\/laufkatrinlauf.de\/wp-content\/uploads\/2016\/05\/2016-05-21_Rennsteiglied.jpg\" alt=\"2016-05-21_Rennsteiglied\" width=\"560\" height=\"478\" class=\"aligncenter size-full wp-image-2866\" srcset=\"https:\/\/laufkatrinlauf.de\/wp-content\/uploads\/2016\/05\/2016-05-21_Rennsteiglied.jpg 560w, https:\/\/laufkatrinlauf.de\/wp-content\/uploads\/2016\/05\/2016-05-21_Rennsteiglied-300x256.jpg 300w\" sizes=\"auto, (max-width: 560px) 100vw, 560px\" \/><\/p>\n","protected":false},"excerpt":{"rendered":"<p>Marathon mit Rennsteiglied und Schneewalzer Nach anstrengender Vorbereitung und gro\u00dfem Respekt vor dem Rennsteiglauf ging es bereits am Vortag nach Th\u00fcringen. Wir hatten uns f\u00fcr den &#8222;normalen&#8220; Marathon entschieden mit Start in Neuhaus am Rennweg und Ziel Schmiedefeld. Daher holten wir zun\u00e4chst unsere Unterlagen am Startort, a\u00dfen Th\u00fcringer Kl\u00f6\u00dfe mit Roulade statt Pasta und genossen [&hellip;]<\/p>\n","protected":false},"author":1,"featured_media":0,"comment_status":"open","ping_status":"open","sticky":false,"template":"","format":"standard","meta":{"footnotes":""},"categories":[16,33],"tags":[36,6,23],"class_list":["post-2839","post","type-post","status-publish","format-standard","hentry","category-berglauf","category-marathon","tag-berglauf","tag-marathon","tag-traillauf"],"_links":{"self":[{"href":"https:\/\/laufkatrinlauf.de\/index.php?rest_route=\/wp\/v2\/posts\/2839","targetHints":{"allow":["GET"]}}],"collection":[{"href":"https:\/\/laufkatrinlauf.de\/index.php?rest_route=\/wp\/v2\/posts"}],"about":[{"href":"https:\/\/laufkatrinlauf.de\/index.php?rest_route=\/wp\/v2\/types\/post"}],"author":[{"embeddable":true,"href":"https:\/\/laufkatrinlauf.de\/index.php?rest_route=\/wp\/v2\/users\/1"}],"replies":[{"embeddable":true,"href":"https:\/\/laufkatrinlauf.de\/index.php?rest_route=%2Fwp%2Fv2%2Fcomments&post=2839"}],"version-history":[{"count":19,"href":"https:\/\/laufkatrinlauf.de\/index.php?rest_route=\/wp\/v2\/posts\/2839\/revisions"}],"predecessor-version":[{"id":2880,"href":"https:\/\/laufkatrinlauf.de\/index.php?rest_route=\/wp\/v2\/posts\/2839\/revisions\/2880"}],"wp:attachment":[{"href":"https:\/\/laufkatrinlauf.de\/index.php?rest_route=%2Fwp%2Fv2%2Fmedia&parent=2839"}],"wp:term":[{"taxonomy":"category","embeddable":true,"href":"https:\/\/laufkatrinlauf.de\/index.php?rest_route=%2Fwp%2Fv2%2Fcategories&post=2839"},{"taxonomy":"post_tag","embeddable":true,"href":"https:\/\/laufkatrinlauf.de\/index.php?rest_route=%2Fwp%2Fv2%2Ftags&post=2839"}],"curies":[{"name":"wp","href":"https:\/\/api.w.org\/{rel}","templated":true}]}}