{"id":2964,"date":"2016-08-07T15:51:04","date_gmt":"2016-08-07T13:51:04","guid":{"rendered":"http:\/\/laufkatrinlauf.de\/?p=2964"},"modified":"2016-08-08T10:04:33","modified_gmt":"2016-08-08T08:04:33","slug":"bellheim-westheim-lustadt-zeiskam-bellheim-06-08-2016","status":"publish","type":"post","link":"https:\/\/laufkatrinlauf.de\/?p=2964","title":{"rendered":"Bellheim &#8211; Westheim &#8211; Lustadt &#8211; Zeiskam &#8211; Bellheim &#8211; 06.08.2016"},"content":{"rendered":"<p><em><strong>33. Bellheimer Sommernachtslauf<\/strong><br \/>\nEs war tats\u00e4chlich ein Sommernachtslauf, bestes Wetter, zum Gl\u00fcck aber nicht so hei\u00df wie im Vorjahr. Wir waren zu Viert angereist, um die 25 km nach 8 Wochen Wettkampfpause in Angriff zu nehmen. Das hei\u00dft, Hajo wollte den 10er laufen, aber Drei gegen Einen &#8230; er startete dann doch bei den 25ern. Wir waren zeitig da und konnten noch etwas entspannen. Dabei erfuhren wir, dass es &#8211; nach 33 Jahren! &#8211; gar nicht so einfach ist, den Lauf am Leben zu erhalten. Die vielen Auflagen und Vorschriften und die damit notwendige gro\u00dfe Helferzahl machen es immer schwieriger, den Lauf durchzuf\u00fchren. Also toll, dass es den Sommernachtslauf trotzdem noch gibt \ud83d\ude42<\/em><br \/>\n<img loading=\"lazy\" decoding=\"async\" src=\"https:\/\/laufkatrinlauf.de\/wp-content\/uploads\/2016\/08\/20160806_Bellheim-002.jpg\" alt=\"20160806_Bellheim-002\" width=\"580\" height=\"401\" class=\"aligncenter size-full wp-image-2969\" srcset=\"https:\/\/laufkatrinlauf.de\/wp-content\/uploads\/2016\/08\/20160806_Bellheim-002.jpg 580w, https:\/\/laufkatrinlauf.de\/wp-content\/uploads\/2016\/08\/20160806_Bellheim-002-300x207.jpg 300w\" sizes=\"auto, (max-width: 580px) 100vw, 580px\" \/><br \/>\n<em>Laut Moderator machten sich 712 L\u00e4ufer auf die Strecke, 222 davon auf die 10er-Distanz.<br \/>\nIch wollte versuchen, die Vorjahreszeit wieder zu schaffen, Hajo war ja unfreiwillig auf 25er Strecke, also noch ohne Plan und die anderen beiden wollten gem\u00fctlich laufen, da die Verletzungen noch nicht ganz ausgeheilt waren. Aber jeder kennt die L\u00e4ufer \ud83d\ude09 solche Pl\u00e4ne gehen nie auf. Hajo spurtete bereits am Anfang an mir vorbei und war bald nicht mehr zu sehen. Gerhard und Rolf waren letztendlich auch viel fr\u00fcher im Ziel als geplant.<br \/>\nIch war mir noch nicht sicher, ob die Vorjahreszeit ein realistisches Ziel war, da ich vor zwei Wochen erst wieder so richtig mit dem Training begonnen hatte. Daher hatte ich unterwegs auch ziemlich zu k\u00e4mpfen. Aber schlie\u00dflich war es ja auch ein WettKAMPF. Auf alle F\u00e4lle genoss ich die Strecke, ausgenommen dem ersten Teil, der sich wie eine Schneckenlinie durch Bellheim zog. Allerdings war die Stimmung hier nicht zu verachten, die Zuschauer gaben sich alle M\u00fche, uns ordentlich anzufeuern. Aber dann ging es aus dem Ort hinaus auf die lange Gerade nach Westheim. Zwischen den Orten war es immer ruhig, selbst die L\u00e4ufer waren still. In den Orten dann, es folgten noch Lustadt und Zeiskamp, gab es wieder Stimmung. Die kleinen Gr\u00fcppchen hatten sich immer was einfallen lassen. Mal war es Powermusik, mal ein Gartenschlauch zum Erfrischen oder Melonenst\u00fccke. Kinder halfen eifrig mit, uns mit Getr\u00e4nken zu versorgen.<br \/>\nAls die Strecke dann in westlicher Richtung f\u00fchrte, liefen wir in den Sonnenuntergang mit Blick auf die Pf\u00e4lzer Berger im Hintergrund. Tolle Kulisse!<br \/>\nNach einem Kilometer mit Seitenstechen und dann Beinen wie Blei war ich gl\u00fccklich \u00fcber die Cola bei km 20. Ich trank gleich zwei Becher und f\u00fchlte mich dann besser f\u00fcr die letzten 5 km in Richtung Bellheim. Inzwischen hatte sich das L\u00e4uferfeld weit auseinandergezogen. Selbst die kleinen Gr\u00fcppchen, die vorher zusammen gelaufen waren, waren nun verstreut.<br \/>\nDie letzten Kilometer wollte ich das Tempo etwas anziehen, aber es wollte nicht so richtig klappen. Erst ab Kilometer 24 gelang es mir wieder, unter 5:00 zu laufen. Einen Endspurt schaffte ich ebenfalls noch. Trotzdem \u00fcberholte mich noch eine Frau 5 m vor dem Ziel.<br \/>\nMit 2:07:02 Bruttozeit lag ich dann nur eine halbe Minute hinter der Vorjahreszeit, also vollkommen zufrieden \ud83d\ude42<\/em><br \/>\n<img loading=\"lazy\" decoding=\"async\" src=\"https:\/\/laufkatrinlauf.de\/wp-content\/uploads\/2016\/08\/20160806_Bellheim-Strecke.jpg\" alt=\"20160806_Bellheim-Strecke\" width=\"532\" height=\"304\" class=\"aligncenter size-full wp-image-2963\" srcset=\"https:\/\/laufkatrinlauf.de\/wp-content\/uploads\/2016\/08\/20160806_Bellheim-Strecke.jpg 532w, https:\/\/laufkatrinlauf.de\/wp-content\/uploads\/2016\/08\/20160806_Bellheim-Strecke-300x171.jpg 300w\" sizes=\"auto, (max-width: 532px) 100vw, 532px\" \/><\/p>\n","protected":false},"excerpt":{"rendered":"<p>33. Bellheimer Sommernachtslauf Es war tats\u00e4chlich ein Sommernachtslauf, bestes Wetter, zum Gl\u00fcck aber nicht so hei\u00df wie im Vorjahr. Wir waren zu Viert angereist, um die 25 km nach 8 Wochen Wettkampfpause in Angriff zu nehmen. Das hei\u00dft, Hajo wollte den 10er laufen, aber Drei gegen Einen &#8230; er startete dann doch bei den 25ern. [&hellip;]<\/p>\n","protected":false},"author":1,"featured_media":0,"comment_status":"open","ping_status":"open","sticky":false,"template":"","format":"standard","meta":{"footnotes":""},"categories":[17],"tags":[12],"class_list":["post-2964","post","type-post","status-publish","format-standard","hentry","category-wettkampf-25-km","tag-wettkampf"],"_links":{"self":[{"href":"https:\/\/laufkatrinlauf.de\/index.php?rest_route=\/wp\/v2\/posts\/2964","targetHints":{"allow":["GET"]}}],"collection":[{"href":"https:\/\/laufkatrinlauf.de\/index.php?rest_route=\/wp\/v2\/posts"}],"about":[{"href":"https:\/\/laufkatrinlauf.de\/index.php?rest_route=\/wp\/v2\/types\/post"}],"author":[{"embeddable":true,"href":"https:\/\/laufkatrinlauf.de\/index.php?rest_route=\/wp\/v2\/users\/1"}],"replies":[{"embeddable":true,"href":"https:\/\/laufkatrinlauf.de\/index.php?rest_route=%2Fwp%2Fv2%2Fcomments&post=2964"}],"version-history":[{"count":9,"href":"https:\/\/laufkatrinlauf.de\/index.php?rest_route=\/wp\/v2\/posts\/2964\/revisions"}],"predecessor-version":[{"id":2983,"href":"https:\/\/laufkatrinlauf.de\/index.php?rest_route=\/wp\/v2\/posts\/2964\/revisions\/2983"}],"wp:attachment":[{"href":"https:\/\/laufkatrinlauf.de\/index.php?rest_route=%2Fwp%2Fv2%2Fmedia&parent=2964"}],"wp:term":[{"taxonomy":"category","embeddable":true,"href":"https:\/\/laufkatrinlauf.de\/index.php?rest_route=%2Fwp%2Fv2%2Fcategories&post=2964"},{"taxonomy":"post_tag","embeddable":true,"href":"https:\/\/laufkatrinlauf.de\/index.php?rest_route=%2Fwp%2Fv2%2Ftags&post=2964"}],"curies":[{"name":"wp","href":"https:\/\/api.w.org\/{rel}","templated":true}]}}