{"id":3000,"date":"2016-09-06T17:40:48","date_gmt":"2016-09-06T15:40:48","guid":{"rendered":"http:\/\/laufkatrinlauf.de\/?p=3000"},"modified":"2016-09-06T17:40:48","modified_gmt":"2016-09-06T15:40:48","slug":"von-1-100-auf-2-145-m-hoehe","status":"publish","type":"post","link":"https:\/\/laufkatrinlauf.de\/?p=3000","title":{"rendered":"Von 1.100 auf 2.145 m H\u00f6he"},"content":{"rendered":"<p><em><strong>Urlaubsberglauf<\/strong><br \/>\nAuch im Urlaub sind wir gelaufen. Nicht so viel, daf\u00fcr aber sehr sch\u00f6ne Strecken im Wald.<br \/>\nBeim Lauf auf den W\u00f6llaner Nock, ein 2.145 m hoher Gipfel in K\u00e4rnten, wurden wir mit einer tollen Aussicht belohnt.<\/em><br \/>\n<img loading=\"lazy\" decoding=\"async\" src=\"https:\/\/laufkatrinlauf.de\/wp-content\/uploads\/2016\/09\/2016-08-26_Berglauf_W\u00f6llaner_Nock.jpg\" alt=\"2016-08-26_Berglauf_W\u00f6llaner_Nock\" width=\"580\" height=\"435\" class=\"aligncenter size-full wp-image-2998\" srcset=\"https:\/\/laufkatrinlauf.de\/wp-content\/uploads\/2016\/09\/2016-08-26_Berglauf_W\u00f6llaner_Nock.jpg 580w, https:\/\/laufkatrinlauf.de\/wp-content\/uploads\/2016\/09\/2016-08-26_Berglauf_W\u00f6llaner_Nock-300x225.jpg 300w\" sizes=\"auto, (max-width: 580px) 100vw, 580px\" \/><img loading=\"lazy\" decoding=\"async\" src=\"https:\/\/laufkatrinlauf.de\/wp-content\/uploads\/2016\/09\/2016-08-26_Berglauf_W\u00f6llaner_Nock1.jpg\" alt=\"2016-08-26_Berglauf_W\u00f6llaner_Nock1\" width=\"580\" height=\"435\" class=\"aligncenter size-full wp-image-2999\" srcset=\"https:\/\/laufkatrinlauf.de\/wp-content\/uploads\/2016\/09\/2016-08-26_Berglauf_W\u00f6llaner_Nock1.jpg 580w, https:\/\/laufkatrinlauf.de\/wp-content\/uploads\/2016\/09\/2016-08-26_Berglauf_W\u00f6llaner_Nock1-300x225.jpg 300w\" sizes=\"auto, (max-width: 580px) 100vw, 580px\" \/><img loading=\"lazy\" decoding=\"async\" src=\"https:\/\/laufkatrinlauf.de\/wp-content\/uploads\/2016\/09\/2016-08-26_Berglauf_W\u00f6llaner_Nock2.jpg\" alt=\"2016-08-26_Berglauf_W\u00f6llaner_Nock2\" width=\"580\" height=\"435\" class=\"aligncenter size-full wp-image-2997\" srcset=\"https:\/\/laufkatrinlauf.de\/wp-content\/uploads\/2016\/09\/2016-08-26_Berglauf_W\u00f6llaner_Nock2.jpg 580w, https:\/\/laufkatrinlauf.de\/wp-content\/uploads\/2016\/09\/2016-08-26_Berglauf_W\u00f6llaner_Nock2-300x225.jpg 300w\" sizes=\"auto, (max-width: 580px) 100vw, 580px\" \/><\/p>\n","protected":false},"excerpt":{"rendered":"<p>Urlaubsberglauf Auch im Urlaub sind wir gelaufen. Nicht so viel, daf\u00fcr aber sehr sch\u00f6ne Strecken im Wald. Beim Lauf auf den W\u00f6llaner Nock, ein 2.145 m hoher Gipfel in K\u00e4rnten, wurden wir mit einer tollen Aussicht belohnt.<\/p>\n","protected":false},"author":1,"featured_media":0,"comment_status":"open","ping_status":"open","sticky":false,"template":"","format":"standard","meta":{"footnotes":""},"categories":[1],"tags":[],"class_list":["post-3000","post","type-post","status-publish","format-standard","hentry","category-uncategorized"],"_links":{"self":[{"href":"https:\/\/laufkatrinlauf.de\/index.php?rest_route=\/wp\/v2\/posts\/3000","targetHints":{"allow":["GET"]}}],"collection":[{"href":"https:\/\/laufkatrinlauf.de\/index.php?rest_route=\/wp\/v2\/posts"}],"about":[{"href":"https:\/\/laufkatrinlauf.de\/index.php?rest_route=\/wp\/v2\/types\/post"}],"author":[{"embeddable":true,"href":"https:\/\/laufkatrinlauf.de\/index.php?rest_route=\/wp\/v2\/users\/1"}],"replies":[{"embeddable":true,"href":"https:\/\/laufkatrinlauf.de\/index.php?rest_route=%2Fwp%2Fv2%2Fcomments&post=3000"}],"version-history":[{"count":2,"href":"https:\/\/laufkatrinlauf.de\/index.php?rest_route=\/wp\/v2\/posts\/3000\/revisions"}],"predecessor-version":[{"id":3002,"href":"https:\/\/laufkatrinlauf.de\/index.php?rest_route=\/wp\/v2\/posts\/3000\/revisions\/3002"}],"wp:attachment":[{"href":"https:\/\/laufkatrinlauf.de\/index.php?rest_route=%2Fwp%2Fv2%2Fmedia&parent=3000"}],"wp:term":[{"taxonomy":"category","embeddable":true,"href":"https:\/\/laufkatrinlauf.de\/index.php?rest_route=%2Fwp%2Fv2%2Fcategories&post=3000"},{"taxonomy":"post_tag","embeddable":true,"href":"https:\/\/laufkatrinlauf.de\/index.php?rest_route=%2Fwp%2Fv2%2Ftags&post=3000"}],"curies":[{"name":"wp","href":"https:\/\/api.w.org\/{rel}","templated":true}]}}