{"id":3146,"date":"2016-10-31T09:59:48","date_gmt":"2016-10-31T08:59:48","guid":{"rendered":"http:\/\/laufkatrinlauf.de\/?p=3146"},"modified":"2017-02-24T14:26:37","modified_gmt":"2017-02-24T13:26:37","slug":"bestes-herbstwetter-beim-35-mainova-frankfurt-marathon","status":"publish","type":"post","link":"https:\/\/laufkatrinlauf.de\/?p=3146","title":{"rendered":"Bestes Herbstwetter beim 35. mainova Frankfurt Marathon"},"content":{"rendered":"<p><em><strong>Toller Abschluss der Laufsaison<\/strong><br \/>\nNach 8w\u00f6chigem harten Training erwarteten uns zum Marathon in Frankfurt perfekte Laufbedingungen: k\u00fchl, Sonnenschein und kein Wind. Ich hatte die letzten Tage noch immer mit meinen Zweifeln zu k\u00e4mpfen. Plan A war 3:40 und Plan B unter 3:45 zu laufen. Aber irgendwie konnte ich es mir nicht so richtig vorstellen, \u00fcber 42,1951 km eine Pace von 5:13 bis 5:20 zu halten, Verpflegungsstellen und andere Stopps noch nicht einmal ber\u00fccksichtigt. Der Kopf ist aber unheimlich wichtig beim Marathon. Also dachte ich an die schnellen Einheiten beim Training, die letzten L\u00e4ufe, bei denen ich doch fit war. Klar, die Zeit war zu schaffen. Also auf in den Kampf.<br \/>\nZu dritt vertraten wir unseren Lauftreff, jeder mit anderen Zeitpl\u00e4nen. Deshalb liefen wir auch von Anfang an getrennt, jeder nach seinem Plan. Gerhard und ich starteten bereits mit der ersten Welle bei den Deutschen Meisterschaften &#8211; also umgeben von vielen sehr schnellen L\u00e4ufern. Das erschwerte einerseits die ersten Kilometer, da man sich einfach in einem zu schnellen Tempo mitziehen l\u00e4sst, machte es andererseits aber auch leichter, im Feld z\u00fcgig mitzulaufen. Vorsichtshalber schaute ich also mehr auf die Garmin als gew\u00f6hnlich, um ggf. zu bremsen. Ich hatte dieses mal aber recht schnell meinen Lauf gefunden und freute mich auf die Strecke. Ich checkte meinen K\u00f6rper &#8211; alles war bereit f\u00fcr die Herausforderung.<br \/>\n\u00dcberrascht registrierte ich, wie schnell die Kilometer vorbeiflogen und nahm es als ein gutes Zeichen. Nach 51 min hatte ich 10 km geschafft. Meinem Plan war ich damit schon ein bisschen n\u00e4her. Dieses mal vers\u00e4umte ich es auch nicht, Gel und Salztabletten zu schlucken. Ich wollte sichergehen, dass nichts schiefl\u00e4uft. Nach 15 Kilometern begannen jedoch schon die Schmerzen auf den Oberschenkelr\u00fcckseiten, die sich nach oben zogen. Das kannte ich bereits aus dem Training und sagte mir, ich habe trainiert, damit klarzukommen. Ich schaff das.<br \/>\nDie Halbmarathonmarke \u00fcberquerte ich nach 1:48:57. Besser konnte es nicht laufen. Auch mein Kopf spielte mit. Es kamen keinerlei negative Gedanken wie &#8222;warum tue ich das&#8220; und \u00e4hnliches. Ich war durchweg auf mein Ziel fokussiert, stellte mir den Zieleinlauf vor, l\u00e4chelte und weiter ging es. Noch immer konnte ich alles um mich herum aufnehmen, die vielen Zuschauer, die in unterschiedlichen Sprachen anfeuerten. Aufgrund des aufgedruckten Namens auf der Startnummer waren die Rufe auch oft pers\u00f6nlich. Also tolle Motivation. Die Mitl\u00e4ufer beobachten lenkt auch etwas ab. So wunderte ich mich \u00fcber L\u00e4ufer, die einen Gurt voller Gels mit sich schleppten, die bei jedem Schritt einen Salto machten. Allein das Zuschauen fand ich st\u00f6rend \ud83d\ude09 Andere liefen kost\u00fcmiert und das auch noch schnell. Sicher auch nicht so einfach. Wiederum andere schafften es bei dem Tempo noch, sich zu unterhalten, hatten also noch Reserven.<br \/>\nAbwechslungsreich war auch das Programm an der Strecke. Immer wieder gab es Musik oder Moderatoren, die uns noch einmal ordentlich f\u00fcr den Rest der Strecke motivierten.<br \/>\nInzwischen hatte ich etwas Tempo rausgenommen, da ich Angst hatte, ansonsten die letzten 10 Kilometer nicht mehr schnell genug laufen zu k\u00f6nnen. Nun tat es auch richtig weh, weiterzulaufen. Aber jetzt war ich schon so weit, eine Zeit zwischen 3:40 und 3:45 war noch gut zu schaffen. Also her mit den positiven Gedanken und durchhalten. Eine wesentliche Temposteigerung schaffte ich jedoch nicht mehr, nur km 42 wurde noch einmal schnell.<br \/>\nBald war schon einmal kurz die Festhalle in Sicht. Aber direkt durften wir sie nicht anlaufen. Erst einmal waren noch ein paar Kilometer mit Kurven durch die Innenstadt zu bew\u00e4ltigen, bevor man endg\u00fcltig in die Zielgerade durfte. Immer mehr L\u00e4ufer hockten erledigt am Stra\u00dfenrand oder gingen nur noch. Aber es gab auch andere, die noch einmal richtig Gas gaben und die anderen L\u00e4ufer fast umrannten.<br \/>\nDie Zuschauerdichte am Stra\u00dfenrand nahm in Richtung Ziel immer mehr zu und damit auch die Anfeuerungsrufe, auch noch das letzte St\u00fcck durchzuhalten.<br \/>\nIn der Kurve vor dem Einbiegen in Richtung Festhalle bemerkte ich eine gr\u00f6\u00dfere Gruppe und wunderte mich noch \u00fcber den Auflauf. Nach meinem Zieleinlauf sah ich dann hinter mir die Gruppe einlaufen: Arne Gabius \u00fcberquerte kurz nach mir mit seinen Staffell\u00e4ufern die Ziellinie.<br \/>\nHinter dem Zieltor brachen alle Emotionen \u00fcber mir zusammen. Einer der Helfer kam zu mir und meinte, bei der tollen Zeit g\u00e4be es doch keinen Grund f\u00fcr Tr\u00e4nen. Aber die kamen einfach vor Freude, vor Anstrengung, einfach, weil ich es geschafft hatte.<br \/>\n<\/em><br \/>\n<div id=\"attachment_3149\" style=\"width: 590px\" class=\"wp-caption aligncenter\"><img loading=\"lazy\" decoding=\"async\" aria-describedby=\"caption-attachment-3149\" class=\"size-full wp-image-3149\" src=\"https:\/\/laufkatrinlauf.de\/wp-content\/uploads\/2016\/10\/20161030_Frankfurt-007_klein.jpg\" alt=\"\" width=\"580\" height=\"948\" srcset=\"https:\/\/laufkatrinlauf.de\/wp-content\/uploads\/2016\/10\/20161030_Frankfurt-007_klein.jpg 580w, https:\/\/laufkatrinlauf.de\/wp-content\/uploads\/2016\/10\/20161030_Frankfurt-007_klein-184x300.jpg 184w\" sizes=\"auto, (max-width: 580px) 100vw, 580px\" \/><p id=\"caption-attachment-3149\" class=\"wp-caption-text\">Marathonmesse in Frankfurt 2016 am Stand von runner&#8217;s world<\/p><\/div><br \/>\n<img loading=\"lazy\" decoding=\"async\" class=\"aligncenter size-full wp-image-3150\" src=\"https:\/\/laufkatrinlauf.de\/wp-content\/uploads\/2016\/10\/20161030_Frankfurt-021_klein.jpg\" alt=\"20161030_frankfurt-021_klein\" width=\"580\" height=\"435\" srcset=\"https:\/\/laufkatrinlauf.de\/wp-content\/uploads\/2016\/10\/20161030_Frankfurt-021_klein.jpg 580w, https:\/\/laufkatrinlauf.de\/wp-content\/uploads\/2016\/10\/20161030_Frankfurt-021_klein-300x225.jpg 300w\" sizes=\"auto, (max-width: 580px) 100vw, 580px\" \/><img loading=\"lazy\" decoding=\"async\" class=\"aligncenter size-full wp-image-3148\" src=\"https:\/\/laufkatrinlauf.de\/wp-content\/uploads\/2016\/10\/2016-10-30_M_FF_klein.jpg\" alt=\"2016-10-30_m_ff_klein\" width=\"580\" height=\"386\" srcset=\"https:\/\/laufkatrinlauf.de\/wp-content\/uploads\/2016\/10\/2016-10-30_M_FF_klein.jpg 580w, https:\/\/laufkatrinlauf.de\/wp-content\/uploads\/2016\/10\/2016-10-30_M_FF_klein-300x200.jpg 300w\" sizes=\"auto, (max-width: 580px) 100vw, 580px\" \/><br \/>\n<strong>Statistik von der Marathonseite:<\/strong><br \/>\n<strong>Renninfo<\/strong><br \/>\nHalb 1 01:48:57<br \/>\nHalb 2 01:55:01<\/p>\n<p><strong>Splits<\/strong><br \/>\nSplit Tageszeit Zeit Diff min\/km km\/h<br \/>\n5 km 10:31:19 00:25:52 25:52 05:11 11.60<br \/>\n10 km 10:56:34 00:51:08 25:16 05:04 11.88<br \/>\n15 km 11:21:51 01:16:25 25:18 05:04 11.86<br \/>\n20 km 11:48:31 01:43:05 26:40 05:20 11.25<br \/>\nHalb 11:54:23 01:48:57 05:53 05:22 11.20<br \/>\n25 km 12:14:49 02:09:22 20:26 05:14 11.47<br \/>\n30 km 12:42:12 02:36:46 27:24 05:29 10.95<br \/>\n35 km 13:10:32 03:05:05 28:20 05:40 10.59<br \/>\n40 km 13:37:32 03:32:06 27:01 05:25 11.10<br \/>\nNetto 13:49:24 03:43:58 11:52 05:25 11.11<\/p>\n<p><strong>Gesamt<\/strong><br \/>\nPlatz (M\/W) 570 von 2472<br \/>\nPlatz (AK) 34 von 278<br \/>\nPlatz (Gesamt) 4939 von 14961<br \/>\nPlatz (AK Deutsche Meisterschaften) 11 von 21<br \/>\n<strong>Zielzeit (Netto) 03:43:58<\/strong><br \/>\nZielzeit (Brutto) 03:48:24<br \/>\n<strong>Total min\/km 05:19<br \/>\n<\/strong><\/p>\n","protected":false},"excerpt":{"rendered":"<p>Toller Abschluss der Laufsaison Nach 8w\u00f6chigem harten Training erwarteten uns zum Marathon in Frankfurt perfekte Laufbedingungen: k\u00fchl, Sonnenschein und kein Wind. Ich hatte die letzten Tage noch immer mit meinen Zweifeln zu k\u00e4mpfen. Plan A war 3:40 und Plan B unter 3:45 zu laufen. Aber irgendwie konnte ich es mir nicht so richtig vorstellen, \u00fcber [&hellip;]<\/p>\n","protected":false},"author":1,"featured_media":0,"comment_status":"open","ping_status":"open","sticky":false,"template":"","format":"standard","meta":{"footnotes":""},"categories":[33],"tags":[34,12],"class_list":["post-3146","post","type-post","status-publish","format-standard","hentry","category-marathon","tag-halbmarathon","tag-wettkampf"],"_links":{"self":[{"href":"https:\/\/laufkatrinlauf.de\/index.php?rest_route=\/wp\/v2\/posts\/3146","targetHints":{"allow":["GET"]}}],"collection":[{"href":"https:\/\/laufkatrinlauf.de\/index.php?rest_route=\/wp\/v2\/posts"}],"about":[{"href":"https:\/\/laufkatrinlauf.de\/index.php?rest_route=\/wp\/v2\/types\/post"}],"author":[{"embeddable":true,"href":"https:\/\/laufkatrinlauf.de\/index.php?rest_route=\/wp\/v2\/users\/1"}],"replies":[{"embeddable":true,"href":"https:\/\/laufkatrinlauf.de\/index.php?rest_route=%2Fwp%2Fv2%2Fcomments&post=3146"}],"version-history":[{"count":5,"href":"https:\/\/laufkatrinlauf.de\/index.php?rest_route=\/wp\/v2\/posts\/3146\/revisions"}],"predecessor-version":[{"id":3237,"href":"https:\/\/laufkatrinlauf.de\/index.php?rest_route=\/wp\/v2\/posts\/3146\/revisions\/3237"}],"wp:attachment":[{"href":"https:\/\/laufkatrinlauf.de\/index.php?rest_route=%2Fwp%2Fv2%2Fmedia&parent=3146"}],"wp:term":[{"taxonomy":"category","embeddable":true,"href":"https:\/\/laufkatrinlauf.de\/index.php?rest_route=%2Fwp%2Fv2%2Fcategories&post=3146"},{"taxonomy":"post_tag","embeddable":true,"href":"https:\/\/laufkatrinlauf.de\/index.php?rest_route=%2Fwp%2Fv2%2Ftags&post=3146"}],"curies":[{"name":"wp","href":"https:\/\/api.w.org\/{rel}","templated":true}]}}