{"id":3260,"date":"2017-03-13T20:50:28","date_gmt":"2017-03-13T19:50:28","guid":{"rendered":"http:\/\/laufkatrinlauf.de\/?p=3260"},"modified":"2017-03-14T17:42:33","modified_gmt":"2017-03-14T16:42:33","slug":"42-bienwald-marathon-kandel","status":"publish","type":"post","link":"https:\/\/laufkatrinlauf.de\/?p=3260","title":{"rendered":"42. BIENWALD-MARATHON KANDEL"},"content":{"rendered":"<p><em><strong>Sonnenschein \u00fcber dem Bienwald<br \/>\n12.03.2017<\/strong><br \/>\nMit dem Laufwetter hatten wir schon wieder Gl\u00fcck \ud83d\ude42 Nach ein paar Regentagen erwartete uns die Sonne in Kandel. Weitere 1288 Halb- und 531 Marathonis starteten mit uns zum 42. Bienwald-Marathon. Wir vom Lauftreff Seckenheim waren mit 3 M\u00e4nnern f\u00fcr den Marathon und 3 Frauen f\u00fcr den Halbmarathon dabei. Der Start war f\u00fcr beide Strecken gemeinsam an der Bienwald-Halle in Kandel.<br \/>\nDie Strecke f\u00fchrte zun\u00e4chst raus auf&#8217;s Feld. Es dauerte dann eine Weile, bis jeder seinen Platz in der L\u00e4uferschlange gefunden hatte und die L\u00fccken in der Menge etwas gr\u00f6\u00dfer wurden. Nach einem kurzen Abstecher durch das angrenzende Minfeld ging es wieder durch die Felder in Richtung Wald. Dort passiert man in einer Kurve jedes Jahr die gr\u00f6\u00dfte Zuschaueransammlung der Strecke. Ansonsten ist der Lauf perfekt f\u00fcr alle, die die st\u00e4ndige Motivation durch Zuschauer nicht brauchen und mal f\u00fcr sich allein laufen m\u00f6chten. Insbesondere beim Marathon l\u00e4uft man teils recht einsam.<br \/>\nIm Bienwald wird bald abgebogen auf eine laaaange gerade Stra\u00dfe. Die Halbmarathonis d\u00fcrfen bei km 12,45 wenden. F\u00fcr die Marathonis geht es auf dieser Stra\u00dfe noch ein ganzes St\u00fcck weiter, bevor sie sich mit Umwegen in den Wald hinein auf den R\u00fcckweg machen d\u00fcrfen. Die Halbmarathonteilnehmer k\u00f6nnen nach der Wende schon r\u00fcckw\u00e4rts z\u00e4hlen.<br \/>\nNach dem Wald raus auf freie Fl\u00e4che wird es aber noch einmal schwierig. Auch dieses Jahr versuchte der Gegenwind, die L\u00e4ufer zu \u00e4rgern. Aber mit dem baldigen Ziel vor Augen gewinnt man auch diesen Kampf. Das Ziel ist jedoch noch nicht ganz so schnell in Reichweite. Erst muss man noch am Sportplatz entlanglaufen, bevor man den Eingang zur Laufbahn passieren kann. Dann dauert es noch eine dreiviertel Runde, bis der Zielbogen erreicht ist. Besonders f\u00fcr die Marathonl\u00e4ufer ist das letzte St\u00fcck noch einmal hart.<br \/>\nIns Ziel gekommen sind wir alle. Wir 3 Frauen mit sehr guten Ergebnissen, die M\u00e4nner jedoch mit ein paar Problemen. Aber durchgehalten haben sie! Vor genau einem Jahr waren zwei von Ihnen locker unter 4 Stunden im Ziel, dieses Jahr sollte es nicht sein. F\u00fcr Rolf war es dennoch ein besonderes Ereignis: 42 Kilometer und sein 42. Marathon beim 42. Bienwald-Marathon. Das muss man erst einmal schaffen!<br \/>\nAnsonsten ist Kandel eine der schnellsten Marathonstrecken in Deutschland. Kein Wunder also, dass hier oft Bestzeiten gelaufen werden und viele gute L\u00e4ufer antreten. Daher \u00fcberraschte mich eine Nachricht meiner Mutter, dass ich auf Platz 2 der Ak gelandet bin. Die Siegerehrung verpasste ich allerdings, da ich im Ziel auf die M\u00e4nner wartete.<br \/>\nLink zu: <a href=\"http:\/\/coderesearch.com\/sts\/services\/10050\/857\" target=\"_blank\">Ergebnisse 42. Bienwald-Marathon<\/a><\/em><br \/>\n<img loading=\"lazy\" decoding=\"async\" src=\"https:\/\/laufkatrinlauf.de\/wp-content\/uploads\/2017\/03\/20170312_Bienwald-003_blog-1.jpg\" alt=\"\" width=\"560\" height=\"475\" class=\"aligncenter size-full wp-image-3271\" srcset=\"https:\/\/laufkatrinlauf.de\/wp-content\/uploads\/2017\/03\/20170312_Bienwald-003_blog-1.jpg 560w, https:\/\/laufkatrinlauf.de\/wp-content\/uploads\/2017\/03\/20170312_Bienwald-003_blog-1-300x254.jpg 300w\" sizes=\"auto, (max-width: 560px) 100vw, 560px\" \/><img loading=\"lazy\" decoding=\"async\" src=\"https:\/\/laufkatrinlauf.de\/wp-content\/uploads\/2017\/03\/20170312_Bienwald-041_blog-1.jpg\" alt=\"\" width=\"560\" height=\"624\" class=\"aligncenter size-full wp-image-3272\" srcset=\"https:\/\/laufkatrinlauf.de\/wp-content\/uploads\/2017\/03\/20170312_Bienwald-041_blog-1.jpg 560w, https:\/\/laufkatrinlauf.de\/wp-content\/uploads\/2017\/03\/20170312_Bienwald-041_blog-1-269x300.jpg 269w\" sizes=\"auto, (max-width: 560px) 100vw, 560px\" \/><\/p>\n","protected":false},"excerpt":{"rendered":"<p>Sonnenschein \u00fcber dem Bienwald 12.03.2017 Mit dem Laufwetter hatten wir schon wieder Gl\u00fcck \ud83d\ude42 Nach ein paar Regentagen erwartete uns die Sonne in Kandel. Weitere 1288 Halb- und 531 Marathonis starteten mit uns zum 42. Bienwald-Marathon. Wir vom Lauftreff Seckenheim waren mit 3 M\u00e4nnern f\u00fcr den Marathon und 3 Frauen f\u00fcr den Halbmarathon dabei. Der [&hellip;]<\/p>\n","protected":false},"author":1,"featured_media":0,"comment_status":"open","ping_status":"open","sticky":false,"template":"","format":"standard","meta":{"footnotes":""},"categories":[8,33,37],"tags":[34,12],"class_list":["post-3260","post","type-post","status-publish","format-standard","hentry","category-halbmarathon","category-marathon","category-wettkampf","tag-halbmarathon","tag-wettkampf"],"_links":{"self":[{"href":"https:\/\/laufkatrinlauf.de\/index.php?rest_route=\/wp\/v2\/posts\/3260","targetHints":{"allow":["GET"]}}],"collection":[{"href":"https:\/\/laufkatrinlauf.de\/index.php?rest_route=\/wp\/v2\/posts"}],"about":[{"href":"https:\/\/laufkatrinlauf.de\/index.php?rest_route=\/wp\/v2\/types\/post"}],"author":[{"embeddable":true,"href":"https:\/\/laufkatrinlauf.de\/index.php?rest_route=\/wp\/v2\/users\/1"}],"replies":[{"embeddable":true,"href":"https:\/\/laufkatrinlauf.de\/index.php?rest_route=%2Fwp%2Fv2%2Fcomments&post=3260"}],"version-history":[{"count":9,"href":"https:\/\/laufkatrinlauf.de\/index.php?rest_route=\/wp\/v2\/posts\/3260\/revisions"}],"predecessor-version":[{"id":3267,"href":"https:\/\/laufkatrinlauf.de\/index.php?rest_route=\/wp\/v2\/posts\/3260\/revisions\/3267"}],"wp:attachment":[{"href":"https:\/\/laufkatrinlauf.de\/index.php?rest_route=%2Fwp%2Fv2%2Fmedia&parent=3260"}],"wp:term":[{"taxonomy":"category","embeddable":true,"href":"https:\/\/laufkatrinlauf.de\/index.php?rest_route=%2Fwp%2Fv2%2Fcategories&post=3260"},{"taxonomy":"post_tag","embeddable":true,"href":"https:\/\/laufkatrinlauf.de\/index.php?rest_route=%2Fwp%2Fv2%2Ftags&post=3260"}],"curies":[{"name":"wp","href":"https:\/\/api.w.org\/{rel}","templated":true}]}}