{"id":3352,"date":"2017-04-30T22:00:10","date_gmt":"2017-04-30T20:00:10","guid":{"rendered":"http:\/\/laufkatrinlauf.de\/?p=3352"},"modified":"2017-05-01T11:56:22","modified_gmt":"2017-05-01T09:56:22","slug":"sas-halbmarathon-heidelberg-hoehenmeter-inklusive","status":"publish","type":"post","link":"https:\/\/laufkatrinlauf.de\/?p=3352","title":{"rendered":"SAS Halbmarathon Heidelberg &#8211; H\u00f6henmeter inklusive"},"content":{"rendered":"<p><em><strong>Wundersch\u00f6ner entspannter Lauf<\/strong><\/em><br \/>\n<em>&#8230; letztes Jahr mit kurzem Schneeschauer, in diesem Jahr mit Sonne satt \ud83d\ude42<br \/>\nAuf den Lauf hatte ich mich schon lange gefreut, wundersch\u00f6ne Streckenf\u00fchrung mit viel Abwechslung und H\u00f6henmetern. Nachdem ich am Wochenende vor drei Wochen meine Grenzen \u00fcberschritten hatte und meine Beine sich daf\u00fcr l\u00e4ngere Zeit beschwerten, ging ich es heute ruhiger an. Ziel war einfach entspannt laufen und die Strecke genie\u00dfen.<br \/>\nDie Sonnenstrahlen schafften es, bei L\u00e4ufern und Zuschauern beste Stimmung herauszulocken. Schon in den Startbl\u00f6cken waren alle gut drauf. Moderation und Musik (wie Hightway to Hell) halfen ordentlich nach. Respekt und tobenden Ablaus erhielten schon jetzt die \u00e4ltesten Starter: 82 Jahre die \u00e4lteste L\u00e4uferin, 83 Jahre der \u00e4lteste m\u00e4nnliche Starter!<br \/>\nDie ersten 7,5 km waren noch flach mit Sightseeing durch Heidelberg (Friedrich-Ebert-Anlage &#8211; Sofienstra\u00dfe &#8211; Hauptstra\u00dfe &#8211; Marktplatz &#8211; Steingasse &#8211; Alte Br\u00fccke &#8211; Neuenheimer Landstra\u00dfe &#8211; &#8230;). Dann ging es aufw\u00e4rts auf dem Philosophenweg. Am Ende des Anstiegs gab es G\u00e4nsehautfeeling pur. Wir liefen durch eine enge Gasse von dicht gedr\u00e4ngten Zuschauern, die uns L\u00e4ufer umjubelten und anspornten. Die erste Steigung war bereits gemeistert.<br \/>\nWeiter ging es bergauf und bergab durch den Wald in Richtung Ziegelhausen. Dort \u00fcberquerten wir nach ca. 15 km wieder den Neckar \u00fcber die Ziegelh\u00e4user Br\u00fccke in Richtung Schlierbach. Die n\u00e4chsten Steigungen warteten schon auf uns. Bis zum Schloss bei ca. 19,5 km ging es immer wieder aufw\u00e4rts. Danach begann der Lauf abw\u00e4rts in die Stadt, wo uns Massen von Zuschauern erwarteten. Die G\u00e4nsehaut blieb nun bis zum Zieleinlauf &#8211; Wahnsinnsstimmung bis zum Ende, Begeisterung und Jubel von allen Seiten, einfach unbeschreiblich toll. Unsere &#8222;Fankurve&#8220; am Kornmarkt motivierte noch einmal f\u00fcr die letzten Meter \u00fcber die Hauptstra\u00dfe zum Ziel am Universit\u00e4tsplatz.<br \/>\nStrahlend lief ich nach 1:56:16 h ins Ziel, absolut gl\u00fccklich nach dem herrlichen Lauf.<\/em><\/p>\n<p><div id=\"attachment_3350\" style=\"width: 590px\" class=\"wp-caption aligncenter\"><img loading=\"lazy\" decoding=\"async\" aria-describedby=\"caption-attachment-3350\" class=\"size-full wp-image-3350\" src=\"https:\/\/laufkatrinlauf.de\/wp-content\/uploads\/2017\/05\/2017-04-30_Strecke-SAS-HM-HD.jpg\" alt=\"\" width=\"580\" height=\"263\" srcset=\"https:\/\/laufkatrinlauf.de\/wp-content\/uploads\/2017\/05\/2017-04-30_Strecke-SAS-HM-HD.jpg 580w, https:\/\/laufkatrinlauf.de\/wp-content\/uploads\/2017\/05\/2017-04-30_Strecke-SAS-HM-HD-300x136.jpg 300w\" sizes=\"auto, (max-width: 580px) 100vw, 580px\" \/><p id=\"caption-attachment-3350\" class=\"wp-caption-text\">Strecke vom SAS HM Heidelberg<\/p><\/div><br \/>\n<div id=\"attachment_3351\" style=\"width: 687px\" class=\"wp-caption aligncenter\"><img loading=\"lazy\" decoding=\"async\" aria-describedby=\"caption-attachment-3351\" src=\"https:\/\/laufkatrinlauf.de\/wp-content\/uploads\/2017\/05\/2017-04-30_H\u00f6henprofil-SAS-HM-HD.jpg\" alt=\"\" width=\"677\" height=\"96\" class=\"size-full wp-image-3351\" srcset=\"https:\/\/laufkatrinlauf.de\/wp-content\/uploads\/2017\/05\/2017-04-30_H\u00f6henprofil-SAS-HM-HD.jpg 677w, https:\/\/laufkatrinlauf.de\/wp-content\/uploads\/2017\/05\/2017-04-30_H\u00f6henprofil-SAS-HM-HD-300x43.jpg 300w, https:\/\/laufkatrinlauf.de\/wp-content\/uploads\/2017\/05\/2017-04-30_H\u00f6henprofil-SAS-HM-HD-624x88.jpg 624w\" sizes=\"auto, (max-width: 677px) 100vw, 677px\" \/><p id=\"caption-attachment-3351\" class=\"wp-caption-text\">H\u00f6henprofil beim Halbmarathon in Heidelberg<br \/>Start bei 122 m \u00fc. NN, ZIel bei 114 m \u00fc. NN<br \/>h\u00f6chster Punkt bei 270 m \u00fc. NN<br \/>gemessen von meiner GARMIN: 470 m pos. H\u00f6henunterschied und 492 m neg. H\u00f6henunterschied<\/p><\/div><div id=\"attachment_3358\" style=\"width: 590px\" class=\"wp-caption aligncenter\"><img loading=\"lazy\" decoding=\"async\" aria-describedby=\"caption-attachment-3358\" src=\"https:\/\/laufkatrinlauf.de\/wp-content\/uploads\/2017\/05\/2017-04-30_HeidelbergHalbmarahton-065_klein.jpg\" alt=\"\" width=\"580\" height=\"386\" class=\"size-full wp-image-3358\" srcset=\"https:\/\/laufkatrinlauf.de\/wp-content\/uploads\/2017\/05\/2017-04-30_HeidelbergHalbmarahton-065_klein.jpg 580w, https:\/\/laufkatrinlauf.de\/wp-content\/uploads\/2017\/05\/2017-04-30_HeidelbergHalbmarahton-065_klein-300x200.jpg 300w\" sizes=\"auto, (max-width: 580px) 100vw, 580px\" \/><p id=\"caption-attachment-3358\" class=\"wp-caption-text\">Schon erwartet an der &#8222;Fankurve&#8220;<\/p><\/div><div id=\"attachment_3359\" style=\"width: 590px\" class=\"wp-caption aligncenter\"><img loading=\"lazy\" decoding=\"async\" aria-describedby=\"caption-attachment-3359\" src=\"https:\/\/laufkatrinlauf.de\/wp-content\/uploads\/2017\/05\/2017-04-30_HeidelbergHalbmarahton-071_klein.jpg\" alt=\"\" width=\"580\" height=\"725\" class=\"size-full wp-image-3359\" srcset=\"https:\/\/laufkatrinlauf.de\/wp-content\/uploads\/2017\/05\/2017-04-30_HeidelbergHalbmarahton-071_klein.jpg 580w, https:\/\/laufkatrinlauf.de\/wp-content\/uploads\/2017\/05\/2017-04-30_HeidelbergHalbmarahton-071_klein-240x300.jpg 240w\" sizes=\"auto, (max-width: 580px) 100vw, 580px\" \/><p id=\"caption-attachment-3359\" class=\"wp-caption-text\">Gl\u00fcckliche Finisher<\/p><\/div><\/p>\n","protected":false},"excerpt":{"rendered":"<p>Wundersch\u00f6ner entspannter Lauf &#8230; letztes Jahr mit kurzem Schneeschauer, in diesem Jahr mit Sonne satt \ud83d\ude42 Auf den Lauf hatte ich mich schon lange gefreut, wundersch\u00f6ne Streckenf\u00fchrung mit viel Abwechslung und H\u00f6henmetern. Nachdem ich am Wochenende vor drei Wochen meine Grenzen \u00fcberschritten hatte und meine Beine sich daf\u00fcr l\u00e4ngere Zeit beschwerten, ging ich es heute [&hellip;]<\/p>\n","protected":false},"author":1,"featured_media":0,"comment_status":"open","ping_status":"open","sticky":false,"template":"","format":"standard","meta":{"footnotes":""},"categories":[16,8,37],"tags":[36,34,12],"class_list":["post-3352","post","type-post","status-publish","format-standard","hentry","category-berglauf","category-halbmarathon","category-wettkampf","tag-berglauf","tag-halbmarathon","tag-wettkampf"],"_links":{"self":[{"href":"https:\/\/laufkatrinlauf.de\/index.php?rest_route=\/wp\/v2\/posts\/3352","targetHints":{"allow":["GET"]}}],"collection":[{"href":"https:\/\/laufkatrinlauf.de\/index.php?rest_route=\/wp\/v2\/posts"}],"about":[{"href":"https:\/\/laufkatrinlauf.de\/index.php?rest_route=\/wp\/v2\/types\/post"}],"author":[{"embeddable":true,"href":"https:\/\/laufkatrinlauf.de\/index.php?rest_route=\/wp\/v2\/users\/1"}],"replies":[{"embeddable":true,"href":"https:\/\/laufkatrinlauf.de\/index.php?rest_route=%2Fwp%2Fv2%2Fcomments&post=3352"}],"version-history":[{"count":6,"href":"https:\/\/laufkatrinlauf.de\/index.php?rest_route=\/wp\/v2\/posts\/3352\/revisions"}],"predecessor-version":[{"id":3361,"href":"https:\/\/laufkatrinlauf.de\/index.php?rest_route=\/wp\/v2\/posts\/3352\/revisions\/3361"}],"wp:attachment":[{"href":"https:\/\/laufkatrinlauf.de\/index.php?rest_route=%2Fwp%2Fv2%2Fmedia&parent=3352"}],"wp:term":[{"taxonomy":"category","embeddable":true,"href":"https:\/\/laufkatrinlauf.de\/index.php?rest_route=%2Fwp%2Fv2%2Fcategories&post=3352"},{"taxonomy":"post_tag","embeddable":true,"href":"https:\/\/laufkatrinlauf.de\/index.php?rest_route=%2Fwp%2Fv2%2Ftags&post=3352"}],"curies":[{"name":"wp","href":"https:\/\/api.w.org\/{rel}","templated":true}]}}