{"id":3387,"date":"2017-06-05T12:39:52","date_gmt":"2017-06-05T10:39:52","guid":{"rendered":"http:\/\/laufkatrinlauf.de\/?p=3387"},"modified":"2017-06-05T12:40:17","modified_gmt":"2017-06-05T10:40:17","slug":"danke-an-seggene-beste-stimmung-aller-zeiten","status":"publish","type":"post","link":"https:\/\/laufkatrinlauf.de\/?p=3387","title":{"rendered":"Danke an Seggene! Beste Stimmung aller Zeiten!"},"content":{"rendered":"<p><strong>D\u00e4mmermarathon in Mannheim<\/strong><br \/>\nSeckenheim hat sich selbst \u00fcbertroffen! Die Stimmung war so grandios, dass das G\u00e4nsehautfeeling \u00fcberhaupt nicht mehr aufh\u00f6rte!<br \/>\nDas Wetter passte und alle sind nach dem Halbmarathon gut durchs Ziel gekommen \ud83d\ude42<br \/>\n<img loading=\"lazy\" decoding=\"async\" src=\"https:\/\/laufkatrinlauf.de\/wp-content\/uploads\/2017\/06\/20170604_MarathonMannheim-009-1024x768.jpg\" alt=\"\" width=\"625\" height=\"469\" class=\"aligncenter size-large wp-image-3386\" srcset=\"https:\/\/laufkatrinlauf.de\/wp-content\/uploads\/2017\/06\/20170604_MarathonMannheim-009-1024x768.jpg 1024w, https:\/\/laufkatrinlauf.de\/wp-content\/uploads\/2017\/06\/20170604_MarathonMannheim-009-300x225.jpg 300w, https:\/\/laufkatrinlauf.de\/wp-content\/uploads\/2017\/06\/20170604_MarathonMannheim-009-768x576.jpg 768w, https:\/\/laufkatrinlauf.de\/wp-content\/uploads\/2017\/06\/20170604_MarathonMannheim-009-624x468.jpg 624w, https:\/\/laufkatrinlauf.de\/wp-content\/uploads\/2017\/06\/20170604_MarathonMannheim-009.jpg 1920w\" sizes=\"auto, (max-width: 625px) 100vw, 625px\" \/><\/p>\n","protected":false},"excerpt":{"rendered":"<p>D\u00e4mmermarathon in Mannheim Seckenheim hat sich selbst \u00fcbertroffen! Die Stimmung war so grandios, dass das G\u00e4nsehautfeeling \u00fcberhaupt nicht mehr aufh\u00f6rte! Das Wetter passte und alle sind nach dem Halbmarathon gut durchs Ziel gekommen \ud83d\ude42<\/p>\n","protected":false},"author":1,"featured_media":0,"comment_status":"open","ping_status":"open","sticky":false,"template":"","format":"standard","meta":{"footnotes":""},"categories":[8],"tags":[34,12],"class_list":["post-3387","post","type-post","status-publish","format-standard","hentry","category-halbmarathon","tag-halbmarathon","tag-wettkampf"],"_links":{"self":[{"href":"https:\/\/laufkatrinlauf.de\/index.php?rest_route=\/wp\/v2\/posts\/3387","targetHints":{"allow":["GET"]}}],"collection":[{"href":"https:\/\/laufkatrinlauf.de\/index.php?rest_route=\/wp\/v2\/posts"}],"about":[{"href":"https:\/\/laufkatrinlauf.de\/index.php?rest_route=\/wp\/v2\/types\/post"}],"author":[{"embeddable":true,"href":"https:\/\/laufkatrinlauf.de\/index.php?rest_route=\/wp\/v2\/users\/1"}],"replies":[{"embeddable":true,"href":"https:\/\/laufkatrinlauf.de\/index.php?rest_route=%2Fwp%2Fv2%2Fcomments&post=3387"}],"version-history":[{"count":2,"href":"https:\/\/laufkatrinlauf.de\/index.php?rest_route=\/wp\/v2\/posts\/3387\/revisions"}],"predecessor-version":[{"id":3389,"href":"https:\/\/laufkatrinlauf.de\/index.php?rest_route=\/wp\/v2\/posts\/3387\/revisions\/3389"}],"wp:attachment":[{"href":"https:\/\/laufkatrinlauf.de\/index.php?rest_route=%2Fwp%2Fv2%2Fmedia&parent=3387"}],"wp:term":[{"taxonomy":"category","embeddable":true,"href":"https:\/\/laufkatrinlauf.de\/index.php?rest_route=%2Fwp%2Fv2%2Fcategories&post=3387"},{"taxonomy":"post_tag","embeddable":true,"href":"https:\/\/laufkatrinlauf.de\/index.php?rest_route=%2Fwp%2Fv2%2Ftags&post=3387"}],"curies":[{"name":"wp","href":"https:\/\/api.w.org\/{rel}","templated":true}]}}