{"id":3442,"date":"2017-07-03T23:22:36","date_gmt":"2017-07-03T21:22:36","guid":{"rendered":"http:\/\/laufkatrinlauf.de\/?p=3442"},"modified":"2017-07-03T23:28:06","modified_gmt":"2017-07-03T21:28:06","slug":"statt-nebelhorn-nach-wilhelmsfeld","status":"publish","type":"post","link":"https:\/\/laufkatrinlauf.de\/?p=3442","title":{"rendered":"Statt Nebelhorn nach Wilhelmsfeld"},"content":{"rendered":"<p><em><strong>Statt 1400 H\u00f6henmeter nur 173 hm<\/strong><br \/>\nNach den Schlechtwetter-Meldungen am Nebelhorn entschieden wir uns schweren Herzens gegen den Nebelhornlauf und hoffen auf n\u00e4chstes Jahr.<br \/>\nIch war entt\u00e4uscht, dass es wieder nicht klappte. Aber Zelten bei Regen und Lauf bei dichtem Nebel zum Gipfel klang nicht wirklich prickelnd. Also st\u00f6berte ich in unserem Laufkalender &#8230; und kurzentschlossen fuhren wir Sonntag Morgen nach Wilhelmsfeld zum <a href=\"http:\/\/www.kerwelauf.de\" target=\"_blank\">Kerwelauf<\/a>. Wenigstens ein paar H\u00f6henmeter wollten wir.<br \/>\nObwohl nur wenige L\u00e4ufer starteten, gab es die Wahl zwischen 6,4 km, 10 km und Halbmarathon. Alles war gut organisiert, die Strecke vorrangig im Wald.<br \/>\nStart war an der Odenwaldhalle, ca. 1 km war Zeit zum Einlaufen. Dann geht es stetig bergauf bis zum h\u00f6chsten Punkt der Strecke, dem Prinzensitz. Da war ich in meinem Element.<br \/>\nDie zweite H\u00e4lfte ging es schon wieder abw\u00e4rts. Allerdings kurz vor dem Ende noch mit einer Steigung, ganz so leicht sollte das Ziel dann doch nicht erreicht werden.<br \/>\nDer Lauf gefiel mir, vielleicht klappt es n\u00e4chstes Jahr wieder, dann vielleicht der HM.<br \/>\nSchade, dass nur ca. 200 Starter kamen. Der Lauf ist auf alle F\u00e4lle empfehlenswert.<br \/>\n<div id=\"attachment_3441\" style=\"width: 310px\" class=\"wp-caption alignleft\"><img loading=\"lazy\" decoding=\"async\" aria-describedby=\"caption-attachment-3441\" src=\"https:\/\/laufkatrinlauf.de\/wp-content\/uploads\/2017\/07\/20170702_Wilhelmsfeld-100-300x273.jpg\" alt=\"\" width=\"300\" height=\"273\" class=\"size-medium wp-image-3441\" srcset=\"https:\/\/laufkatrinlauf.de\/wp-content\/uploads\/2017\/07\/20170702_Wilhelmsfeld-100-300x273.jpg 300w, https:\/\/laufkatrinlauf.de\/wp-content\/uploads\/2017\/07\/20170702_Wilhelmsfeld-100-768x700.jpg 768w, https:\/\/laufkatrinlauf.de\/wp-content\/uploads\/2017\/07\/20170702_Wilhelmsfeld-100-1024x933.jpg 1024w, https:\/\/laufkatrinlauf.de\/wp-content\/uploads\/2017\/07\/20170702_Wilhelmsfeld-100-624x569.jpg 624w, https:\/\/laufkatrinlauf.de\/wp-content\/uploads\/2017\/07\/20170702_Wilhelmsfeld-100.jpg 1441w\" sizes=\"auto, (max-width: 300px) 100vw, 300px\" \/><p id=\"caption-attachment-3441\" class=\"wp-caption-text\">H\u00f6henprofil des 10 km-Laufes. Start bei 365 m \u00fc. NN. H\u00f6chster Punkt der Strecke 499 m \u00fc. NN<\/p><\/div> <div id=\"attachment_3446\" style=\"width: 235px\" class=\"wp-caption alignright\"><img loading=\"lazy\" decoding=\"async\" aria-describedby=\"caption-attachment-3446\" src=\"https:\/\/laufkatrinlauf.de\/wp-content\/uploads\/2017\/07\/20170702_Wilhelmsfeld-013-e1499117033512-225x300.jpg\" alt=\"\" width=\"225\" height=\"300\" class=\"size-medium wp-image-3446\" srcset=\"https:\/\/laufkatrinlauf.de\/wp-content\/uploads\/2017\/07\/20170702_Wilhelmsfeld-013-e1499117033512-225x300.jpg 225w, https:\/\/laufkatrinlauf.de\/wp-content\/uploads\/2017\/07\/20170702_Wilhelmsfeld-013-e1499117033512-768x1024.jpg 768w, https:\/\/laufkatrinlauf.de\/wp-content\/uploads\/2017\/07\/20170702_Wilhelmsfeld-013-e1499117033512-624x832.jpg 624w\" sizes=\"auto, (max-width: 225px) 100vw, 225px\" \/><p id=\"caption-attachment-3446\" class=\"wp-caption-text\">F\u00fcr den 3. Platz Gesamt Frauen gab es dann noch einen Pokal und Blumen \ud83d\ude42<\/p><\/div><\/em><\/p>\n","protected":false},"excerpt":{"rendered":"<p>Statt 1400 H\u00f6henmeter nur 173 hm Nach den Schlechtwetter-Meldungen am Nebelhorn entschieden wir uns schweren Herzens gegen den Nebelhornlauf und hoffen auf n\u00e4chstes Jahr. Ich war entt\u00e4uscht, dass es wieder nicht klappte. Aber Zelten bei Regen und Lauf bei dichtem Nebel zum Gipfel klang nicht wirklich prickelnd. Also st\u00f6berte ich in unserem Laufkalender &#8230; und [&hellip;]<\/p>\n","protected":false},"author":1,"featured_media":0,"comment_status":"open","ping_status":"open","sticky":false,"template":"","format":"standard","meta":{"footnotes":""},"categories":[16,7],"tags":[10,36],"class_list":["post-3442","post","type-post","status-publish","format-standard","hentry","category-berglauf","category-wettkampf-10-km","tag-10-km-lauf","tag-berglauf"],"_links":{"self":[{"href":"https:\/\/laufkatrinlauf.de\/index.php?rest_route=\/wp\/v2\/posts\/3442","targetHints":{"allow":["GET"]}}],"collection":[{"href":"https:\/\/laufkatrinlauf.de\/index.php?rest_route=\/wp\/v2\/posts"}],"about":[{"href":"https:\/\/laufkatrinlauf.de\/index.php?rest_route=\/wp\/v2\/types\/post"}],"author":[{"embeddable":true,"href":"https:\/\/laufkatrinlauf.de\/index.php?rest_route=\/wp\/v2\/users\/1"}],"replies":[{"embeddable":true,"href":"https:\/\/laufkatrinlauf.de\/index.php?rest_route=%2Fwp%2Fv2%2Fcomments&post=3442"}],"version-history":[{"count":6,"href":"https:\/\/laufkatrinlauf.de\/index.php?rest_route=\/wp\/v2\/posts\/3442\/revisions"}],"predecessor-version":[{"id":3447,"href":"https:\/\/laufkatrinlauf.de\/index.php?rest_route=\/wp\/v2\/posts\/3442\/revisions\/3447"}],"wp:attachment":[{"href":"https:\/\/laufkatrinlauf.de\/index.php?rest_route=%2Fwp%2Fv2%2Fmedia&parent=3442"}],"wp:term":[{"taxonomy":"category","embeddable":true,"href":"https:\/\/laufkatrinlauf.de\/index.php?rest_route=%2Fwp%2Fv2%2Fcategories&post=3442"},{"taxonomy":"post_tag","embeddable":true,"href":"https:\/\/laufkatrinlauf.de\/index.php?rest_route=%2Fwp%2Fv2%2Ftags&post=3442"}],"curies":[{"name":"wp","href":"https:\/\/api.w.org\/{rel}","templated":true}]}}