{"id":3452,"date":"2017-08-07T11:13:39","date_gmt":"2017-08-07T09:13:39","guid":{"rendered":"http:\/\/laufkatrinlauf.de\/?p=3452"},"modified":"2017-08-07T14:23:23","modified_gmt":"2017-08-07T12:23:23","slug":"mit-sonnenuntergang-und-vollmond-beim-bellheimer-sommernachtslauf-am-05-08-2017","status":"publish","type":"post","link":"https:\/\/laufkatrinlauf.de\/?p=3452","title":{"rendered":"Mit Sonnenuntergang und Vollmond beim Bellheimer Sommernachtslauf am 05.08.2017"},"content":{"rendered":"<p><em><strong>Sommernacht in Bellheim<\/strong><br \/>\nAuf den Sommernachtslauf in Bellheim hatte ich mich schon lange gefreut. Wir hatten uns f\u00fcr die 25 km angemeldet. Als Alternative gab es noch den 10 km-Sommernachtssprint. Alles war wieder gut organisiert, die zahlreichen Helfer alle gut gelaunt.<br \/>\nZu viert starteten wir in einen sch\u00f6nen Sommerabend.<br \/>\nDie Wolken verdeckten beim Start die Sonne, so dass es nach zwei Jahren Hitzelauf mit angenehmen Temperaturen auf die Strecke ging. Auch der Wind sorgte f\u00fcr wohltuende K\u00fchlung. Allerdings hatten wir auch immer wieder Gegenwind, der das Laufen vor allem in der zweiten H\u00e4lfte erschwerte.<br \/>\nAber die Freude an dem Lauf beeintr\u00e4chtigte das nicht. Nach ein paar Kreisen in Bellheim ging es raus aus dem Ort. Danach wechselnden sich ruhige Strecken durch Wald oder Feld mit Stimmungsnestern in den Orten Westheim, Lustadt und Zeiskam ab. Die Zuschauer waren richtig gut drauf. Jeder wurde ordentlich angefeuert. Auch gab es viel Anerkennung von denen, die am Stra\u00dfenrand gem\u00fctlich mit einem Glas Wein, Bier oder am Grill standen.<br \/>\nAn Abwechslung mangelte es jedenfalls nicht.<br \/>\nNachdem die Sonne sich durch die Wolken gek\u00e4mpft hatte, liefen wir in den Sonnenuntergang, an Sonnenblumen- und Maisfeldern vorbei. Danach schaute uns der (fast) Vollmond zu.<br \/>\nDie ersten 12 km war ich recht z\u00fcgig unterwegs. Danach lie\u00df das Tempo etwas nach. Der Gegenwind machte es nicht gerade leicht. Die zweite H\u00e4lfte zog sich das L\u00e4uferfeld immer mehr auseinander, so dass ich teilweise keinen L\u00e4ufer mehr vor mir sah. Zum Gl\u00fcck war die Strecke gut gekennzeichnet, so dass nichts schiefgehen konnte.<br \/>\nNach Kilometer 20 konnte ich das Tempo wieder etwas anziehen.<br \/>\nMit Fackeln k\u00fcndigte sich der letzte Kilometer des Laufes an. Noch einmal alle Kr\u00e4fte mobilisiert und erleichtert durch den Zielbogen &#8230; mit 2:09 keine Bestzeit (Zwischenstopp im Wald kostete leider Zeit), aber trotzdem anstrengend genug.<br \/>\nDaf\u00fcr konnten wir dann bei guter Verpflegung &#8211; viele tolle Kuchen, Fischsemmeln, Fleischspie\u00df, W\u00fcrstchen &#8230; &#8211; gem\u00fctlich alle zusammensitzen und uns wieder erholen.<br \/>\nAufs Treppchen durfte ich auch noch, den 3. Altersklassenplatz hatte ich doch noch geschafft.<\/em><\/p>\n<p><em><a href=\"http:\/\/www.vfl-bellheim.de\/ergebnisse.html\" target=\"_blank\">Ergebnisse vom Sommernachtslauf 2017<\/a><\/em><br \/>\n<div id=\"attachment_3461\" style=\"width: 635px\" class=\"wp-caption alignleft\"><img loading=\"lazy\" decoding=\"async\" aria-describedby=\"caption-attachment-3461\" src=\"https:\/\/laufkatrinlauf.de\/wp-content\/uploads\/2017\/08\/20170805_Bellheim-004-1024x768.jpg\" alt=\"\" width=\"625\" height=\"469\" class=\"size-large wp-image-3461\" srcset=\"https:\/\/laufkatrinlauf.de\/wp-content\/uploads\/2017\/08\/20170805_Bellheim-004-1024x768.jpg 1024w, https:\/\/laufkatrinlauf.de\/wp-content\/uploads\/2017\/08\/20170805_Bellheim-004-300x225.jpg 300w, https:\/\/laufkatrinlauf.de\/wp-content\/uploads\/2017\/08\/20170805_Bellheim-004-768x576.jpg 768w, https:\/\/laufkatrinlauf.de\/wp-content\/uploads\/2017\/08\/20170805_Bellheim-004-624x468.jpg 624w, https:\/\/laufkatrinlauf.de\/wp-content\/uploads\/2017\/08\/20170805_Bellheim-004.jpg 1920w\" sizes=\"auto, (max-width: 625px) 100vw, 625px\" \/><p id=\"caption-attachment-3461\" class=\"wp-caption-text\">&#8230; vor dem Start, noch ganz entspannt &#8230;<\/p><\/div><div id=\"attachment_3462\" style=\"width: 635px\" class=\"wp-caption alignright\"><img loading=\"lazy\" decoding=\"async\" aria-describedby=\"caption-attachment-3462\" src=\"https:\/\/laufkatrinlauf.de\/wp-content\/uploads\/2017\/08\/20170805_Bellheim-016-1024x768.jpg\" alt=\"\" width=\"625\" height=\"469\" class=\"size-large wp-image-3462\" srcset=\"https:\/\/laufkatrinlauf.de\/wp-content\/uploads\/2017\/08\/20170805_Bellheim-016-1024x768.jpg 1024w, https:\/\/laufkatrinlauf.de\/wp-content\/uploads\/2017\/08\/20170805_Bellheim-016-300x225.jpg 300w, https:\/\/laufkatrinlauf.de\/wp-content\/uploads\/2017\/08\/20170805_Bellheim-016-768x576.jpg 768w, https:\/\/laufkatrinlauf.de\/wp-content\/uploads\/2017\/08\/20170805_Bellheim-016-624x468.jpg 624w, https:\/\/laufkatrinlauf.de\/wp-content\/uploads\/2017\/08\/20170805_Bellheim-016.jpg 1920w\" sizes=\"auto, (max-width: 625px) 100vw, 625px\" \/><p id=\"caption-attachment-3462\" class=\"wp-caption-text\">&#8230; geschafft, Siegerehrung &#8230;<\/p><\/div><\/p>\n","protected":false},"excerpt":{"rendered":"<p>Sommernacht in Bellheim Auf den Sommernachtslauf in Bellheim hatte ich mich schon lange gefreut. Wir hatten uns f\u00fcr die 25 km angemeldet. Als Alternative gab es noch den 10 km-Sommernachtssprint. Alles war wieder gut organisiert, die zahlreichen Helfer alle gut gelaunt. Zu viert starteten wir in einen sch\u00f6nen Sommerabend. Die Wolken verdeckten beim Start die [&hellip;]<\/p>\n","protected":false},"author":1,"featured_media":0,"comment_status":"open","ping_status":"open","sticky":false,"template":"","format":"standard","meta":{"footnotes":""},"categories":[17],"tags":[29],"class_list":["post-3452","post","type-post","status-publish","format-standard","hentry","category-wettkampf-25-km","tag-sommernachtslauf"],"_links":{"self":[{"href":"https:\/\/laufkatrinlauf.de\/index.php?rest_route=\/wp\/v2\/posts\/3452","targetHints":{"allow":["GET"]}}],"collection":[{"href":"https:\/\/laufkatrinlauf.de\/index.php?rest_route=\/wp\/v2\/posts"}],"about":[{"href":"https:\/\/laufkatrinlauf.de\/index.php?rest_route=\/wp\/v2\/types\/post"}],"author":[{"embeddable":true,"href":"https:\/\/laufkatrinlauf.de\/index.php?rest_route=\/wp\/v2\/users\/1"}],"replies":[{"embeddable":true,"href":"https:\/\/laufkatrinlauf.de\/index.php?rest_route=%2Fwp%2Fv2%2Fcomments&post=3452"}],"version-history":[{"count":5,"href":"https:\/\/laufkatrinlauf.de\/index.php?rest_route=\/wp\/v2\/posts\/3452\/revisions"}],"predecessor-version":[{"id":3464,"href":"https:\/\/laufkatrinlauf.de\/index.php?rest_route=\/wp\/v2\/posts\/3452\/revisions\/3464"}],"wp:attachment":[{"href":"https:\/\/laufkatrinlauf.de\/index.php?rest_route=%2Fwp%2Fv2%2Fmedia&parent=3452"}],"wp:term":[{"taxonomy":"category","embeddable":true,"href":"https:\/\/laufkatrinlauf.de\/index.php?rest_route=%2Fwp%2Fv2%2Fcategories&post=3452"},{"taxonomy":"post_tag","embeddable":true,"href":"https:\/\/laufkatrinlauf.de\/index.php?rest_route=%2Fwp%2Fv2%2Ftags&post=3452"}],"curies":[{"name":"wp","href":"https:\/\/api.w.org\/{rel}","templated":true}]}}