{"id":3465,"date":"2017-08-13T17:56:59","date_gmt":"2017-08-13T15:56:59","guid":{"rendered":"http:\/\/laufkatrinlauf.de\/?p=3465"},"modified":"2017-08-13T17:56:59","modified_gmt":"2017-08-13T15:56:59","slug":"zwei-seen-lauf-in-afritz","status":"publish","type":"post","link":"https:\/\/laufkatrinlauf.de\/?p=3465","title":{"rendered":"Zwei-Seen-Lauf in Afritz"},"content":{"rendered":"<p><em><strong>Toller Traillauf<\/strong><br \/>\nEigentlich war im Urlaub nur der W\u00f6rthersee-Halbmarathon geplant. Aber dann standen noch der Zwei-Seen-Lauf und der Klopeinerseelauf zur Diskussion. Der Lauf um die beiden Seen, den Afritzer und den Feldsee, sagte mir mehr zu. Bergauf und bergab fand ich interessanter. So entschieden wir, an allen drei L\u00e4ufen teilzunehmen.<br \/>\nHeute starteten wir in Afritz am See bei k\u00fchlem sonnigen Wetter. Das Teilnehmerfeld f\u00fcr die 12 km war \u00fcberschaubar.<br \/>\nNach knapp 400 m kam bereits die erste Steigung. Das Feld splittete sich gleich auf in Bergl\u00e4ufer und Berggeher. Nach bereits kurzer Zeit war man auf dem Trail allein. Ab und zu, wenn es bergauf ging, ersp\u00e4hte ich von weitem noch den L\u00e4ufer vor mir.<br \/>\nDie Abwechslung war toll, die Strecke anspruchsvoll. Waldwege mit vielen Wurzeln, Schotterwegen, dann wieder nasse Wiesen, \u00dcbersteige, kleine B\u00e4che &#8230; alles war dabei. Die Steigungen konnte ich gut meistern. Bergab erholte ich mich wieder, da es mir zum schnell abw\u00e4rts Laufen zu rutschig war. Ich genoss den Lauf, so dass ich mich zwischendurch beim Tr\u00e4umen erwischte.<br \/>\nBei Kilometer 10 kam meiner Meinung nach die letzte Steigung und ich zog an, aber einen dreiviertel Kilometer ging es dann doch noch mal kurz bergauf. Z\u00fcgig lief ich danach bis zum Ziel durch und finishte nach 1:10:11. Allerdings waren es laut meiner Garmin nur 11,43 km.<br \/>\nDiese Zeit sicherte mir den 2. Platz bei den Frauen.<br \/>\nDer schnellste L\u00e4ufer meisterte die Strecke heute in 47 min. Tolle Zeit f\u00fcr einen Traillauf. Die schnellste Frau erreichte nach einer Stunde das Ziel.<br \/>\nIch bin froh, dass wir uns kurzfristig noch f\u00fcr die Teilnahme entschieden hatten. Abwechslungsreiche, anspruchsvolle Strecke und gute Organisation machten den Lauf zu einem Erlebnis. Gerne nehme ich hier wieder teil.<br \/>\n<div id=\"attachment_3467\" style=\"width: 635px\" class=\"wp-caption aligncenter\"><img loading=\"lazy\" decoding=\"async\" aria-describedby=\"caption-attachment-3467\" src=\"https:\/\/laufkatrinlauf.de\/wp-content\/uploads\/2017\/08\/2017-08-13_LaufProfil-1024x143.jpg\" alt=\"\" width=\"625\" height=\"87\" class=\"size-large wp-image-3467\" srcset=\"https:\/\/laufkatrinlauf.de\/wp-content\/uploads\/2017\/08\/2017-08-13_LaufProfil-1024x143.jpg 1024w, https:\/\/laufkatrinlauf.de\/wp-content\/uploads\/2017\/08\/2017-08-13_LaufProfil-300x42.jpg 300w, https:\/\/laufkatrinlauf.de\/wp-content\/uploads\/2017\/08\/2017-08-13_LaufProfil-768x107.jpg 768w, https:\/\/laufkatrinlauf.de\/wp-content\/uploads\/2017\/08\/2017-08-13_LaufProfil-624x87.jpg 624w, https:\/\/laufkatrinlauf.de\/wp-content\/uploads\/2017\/08\/2017-08-13_LaufProfil.jpg 1645w\" sizes=\"auto, (max-width: 625px) 100vw, 625px\" \/><p id=\"caption-attachment-3467\" class=\"wp-caption-text\">Profil Zwei-Seen-Lauf um den Afritzer und den Feldsee<\/p><\/div><div id=\"attachment_3466\" style=\"width: 298px\" class=\"wp-caption alignleft\"><a href=\"https:\/\/laufkatrinlauf.de\/wp-content\/uploads\/2017\/08\/2017-08-13_LaufStrecke.jpg\"><img loading=\"lazy\" decoding=\"async\" aria-describedby=\"caption-attachment-3466\" src=\"https:\/\/laufkatrinlauf.de\/wp-content\/uploads\/2017\/08\/2017-08-13_LaufStrecke.jpg\" alt=\"\" width=\"288\" height=\"461\" class=\"size-full wp-image-3466\" srcset=\"https:\/\/laufkatrinlauf.de\/wp-content\/uploads\/2017\/08\/2017-08-13_LaufStrecke.jpg 288w, https:\/\/laufkatrinlauf.de\/wp-content\/uploads\/2017\/08\/2017-08-13_LaufStrecke-187x300.jpg 187w\" sizes=\"auto, (max-width: 288px) 100vw, 288px\" \/><\/a><p id=\"caption-attachment-3466\" class=\"wp-caption-text\">Lauftstrecke mit Start und Ziel in Afritz am See um den Afritzer See und den Feldsee<\/p><\/div><\/em><\/p>\n","protected":false},"excerpt":{"rendered":"<p>Toller Traillauf Eigentlich war im Urlaub nur der W\u00f6rthersee-Halbmarathon geplant. Aber dann standen noch der Zwei-Seen-Lauf und der Klopeinerseelauf zur Diskussion. Der Lauf um die beiden Seen, den Afritzer und den Feldsee, sagte mir mehr zu. Bergauf und bergab fand ich interessanter. So entschieden wir, an allen drei L\u00e4ufen teilzunehmen. Heute starteten wir in Afritz [&hellip;]<\/p>\n","protected":false},"author":1,"featured_media":0,"comment_status":"open","ping_status":"open","sticky":false,"template":"","format":"standard","meta":{"footnotes":""},"categories":[16,37],"tags":[23],"class_list":["post-3465","post","type-post","status-publish","format-standard","hentry","category-berglauf","category-wettkampf","tag-traillauf"],"_links":{"self":[{"href":"https:\/\/laufkatrinlauf.de\/index.php?rest_route=\/wp\/v2\/posts\/3465","targetHints":{"allow":["GET"]}}],"collection":[{"href":"https:\/\/laufkatrinlauf.de\/index.php?rest_route=\/wp\/v2\/posts"}],"about":[{"href":"https:\/\/laufkatrinlauf.de\/index.php?rest_route=\/wp\/v2\/types\/post"}],"author":[{"embeddable":true,"href":"https:\/\/laufkatrinlauf.de\/index.php?rest_route=\/wp\/v2\/users\/1"}],"replies":[{"embeddable":true,"href":"https:\/\/laufkatrinlauf.de\/index.php?rest_route=%2Fwp%2Fv2%2Fcomments&post=3465"}],"version-history":[{"count":4,"href":"https:\/\/laufkatrinlauf.de\/index.php?rest_route=\/wp\/v2\/posts\/3465\/revisions"}],"predecessor-version":[{"id":3471,"href":"https:\/\/laufkatrinlauf.de\/index.php?rest_route=\/wp\/v2\/posts\/3465\/revisions\/3471"}],"wp:attachment":[{"href":"https:\/\/laufkatrinlauf.de\/index.php?rest_route=%2Fwp%2Fv2%2Fmedia&parent=3465"}],"wp:term":[{"taxonomy":"category","embeddable":true,"href":"https:\/\/laufkatrinlauf.de\/index.php?rest_route=%2Fwp%2Fv2%2Fcategories&post=3465"},{"taxonomy":"post_tag","embeddable":true,"href":"https:\/\/laufkatrinlauf.de\/index.php?rest_route=%2Fwp%2Fv2%2Ftags&post=3465"}],"curies":[{"name":"wp","href":"https:\/\/api.w.org\/{rel}","templated":true}]}}