{"id":3478,"date":"2017-08-16T13:29:53","date_gmt":"2017-08-16T11:29:53","guid":{"rendered":"http:\/\/laufkatrinlauf.de\/?p=3478"},"modified":"2017-08-20T20:15:16","modified_gmt":"2017-08-20T18:15:16","slug":"internationaler-klopeiner-see-volkslauf-in-suedkaernten","status":"publish","type":"post","link":"https:\/\/laufkatrinlauf.de\/?p=3478","title":{"rendered":"Internationaler Klopeiner See Volkslauf in S\u00fcdk\u00e4rnten"},"content":{"rendered":"<p><em><strong>Zweiter Urlaubslauf, dritter See<\/strong><br \/>\nNach einem sonnigen Badetag am Klopeiner See starteten wir 17 Uhr in St. Kanzian. Ab 16 Uhr fanden schon die Kinderl\u00e4ufe statt und die Walker gingen auf den Rundkurs. Leider waren keine Wolken in Sicht, so dass wir bereits bei der Startaufstellung ins Schwitzen kamen. Gemeldet waren L\u00e4ufer aus ganz \u00d6sterreich, aus den benachbarten Italien und Slowenien, Kroatien, Ungarn, Holland sowie aus Deutschland. Gemeinsam starteten 5,2 (eine Runde) und 10,4 km-L\u00e4ufer (zwei Runden). Die komplett asphaltierte Strecke f\u00fchrte rund um den See. W\u00e4hrend die Nordseite flach blieb, war die S\u00fcdseite etwas anstrengender mit zwei kleinen Steigungen (gesamt 80 hm auf zwei Runden). Schlimmer war jedoch die brennende Sonne, das Atmen fiel recht schwer.<br \/>\nMotiviert wurden wir unterwegs von den Badeurlaubern, die sicherlich froh waren, dass sie den schwitzenden L\u00e4ufern nur zuschauen brauchten. Total begeistert klatschten auch die vielen Kinder am Rand.<br \/>\nDer Zieleinlauf f\u00fchrte durch ein kleines Tor, in dem alle L\u00e4ufer fotografiert wurden. Jeder konnte sich danach sein pers\u00f6nliches Zielfoto abholen.<br \/>\nAngesichts der Temperatur von 29\u00b0C bei dem Lauf war ich mit 0:51:21 f\u00fcr die 10,4 km zufrieden und konnte mir einen Pokal f\u00fcr den ersten Platz in der Altersklasse abholen. Die Stimmung zur Siegerehrung war recht ausgelassen, vorher gab es sogar noch ein paar St\u00e4ndchen vom Europameister im Akkordeon Spielen.<\/em><br \/>\n<em><a href=\"https:\/\/webcache.googleusercontent.com\/search?q=cache:FVmn7xq57c4J:https:\/\/www.klopeinersee.at\/events\/klopeiner-see-volkslauf\/+&#038;cd=1&#038;hl=de&#038;ct=clnk&#038;gl=at\" target=\"_blank\">40. Int. Volkslauf um den Klopeiner See<\/a><\/em><br \/>\n<div id=\"attachment_3486\" style=\"width: 635px\" class=\"wp-caption alignleft\"><a href=\"https:\/\/laufkatrinlauf.de\/wp-content\/uploads\/2017\/08\/2017-08-15_Akkordeon.jpg\"><img loading=\"lazy\" decoding=\"async\" aria-describedby=\"caption-attachment-3486\" src=\"https:\/\/laufkatrinlauf.de\/wp-content\/uploads\/2017\/08\/2017-08-15_Akkordeon-1024x840.jpg\" alt=\"\" width=\"625\" height=\"513\" class=\"size-large wp-image-3486\" srcset=\"https:\/\/laufkatrinlauf.de\/wp-content\/uploads\/2017\/08\/2017-08-15_Akkordeon-1024x840.jpg 1024w, https:\/\/laufkatrinlauf.de\/wp-content\/uploads\/2017\/08\/2017-08-15_Akkordeon-300x246.jpg 300w, https:\/\/laufkatrinlauf.de\/wp-content\/uploads\/2017\/08\/2017-08-15_Akkordeon-768x630.jpg 768w, https:\/\/laufkatrinlauf.de\/wp-content\/uploads\/2017\/08\/2017-08-15_Akkordeon-624x512.jpg 624w\" sizes=\"auto, (max-width: 625px) 100vw, 625px\" \/><\/a><p id=\"caption-attachment-3486\" class=\"wp-caption-text\">F\u00fcr Unterhaltung vor der Siegerehrung sorgte dieser junge Akkordeonspieler<\/p><\/div><div id=\"attachment_3483\" style=\"width: 635px\" class=\"wp-caption alignleft\"><a href=\"https:\/\/laufkatrinlauf.de\/wp-content\/uploads\/2017\/08\/2017-08-15_Start.jpg\"><img loading=\"lazy\" decoding=\"async\" aria-describedby=\"caption-attachment-3483\" src=\"https:\/\/laufkatrinlauf.de\/wp-content\/uploads\/2017\/08\/2017-08-15_Start-1024x703.jpg\" alt=\"\" width=\"625\" height=\"429\" class=\"size-large wp-image-3483\" srcset=\"https:\/\/laufkatrinlauf.de\/wp-content\/uploads\/2017\/08\/2017-08-15_Start-1024x703.jpg 1024w, https:\/\/laufkatrinlauf.de\/wp-content\/uploads\/2017\/08\/2017-08-15_Start-300x206.jpg 300w, https:\/\/laufkatrinlauf.de\/wp-content\/uploads\/2017\/08\/2017-08-15_Start-768x527.jpg 768w, https:\/\/laufkatrinlauf.de\/wp-content\/uploads\/2017\/08\/2017-08-15_Start-624x428.jpg 624w\" sizes=\"auto, (max-width: 625px) 100vw, 625px\" \/><\/a><p id=\"caption-attachment-3483\" class=\"wp-caption-text\">Am Start, mal kurz vorn bei den Schnellsten \ud83d\ude09<\/p><\/div><div id=\"attachment_3484\" style=\"width: 635px\" class=\"wp-caption alignleft\"><a href=\"https:\/\/laufkatrinlauf.de\/wp-content\/uploads\/2017\/08\/2017-08-15_Ziel.jpg\"><img loading=\"lazy\" decoding=\"async\" aria-describedby=\"caption-attachment-3484\" src=\"https:\/\/laufkatrinlauf.de\/wp-content\/uploads\/2017\/08\/2017-08-15_Ziel-1024x696.jpg\" alt=\"\" width=\"625\" height=\"425\" class=\"size-large wp-image-3484\" srcset=\"https:\/\/laufkatrinlauf.de\/wp-content\/uploads\/2017\/08\/2017-08-15_Ziel-1024x696.jpg 1024w, https:\/\/laufkatrinlauf.de\/wp-content\/uploads\/2017\/08\/2017-08-15_Ziel-300x204.jpg 300w, https:\/\/laufkatrinlauf.de\/wp-content\/uploads\/2017\/08\/2017-08-15_Ziel-768x522.jpg 768w, https:\/\/laufkatrinlauf.de\/wp-content\/uploads\/2017\/08\/2017-08-15_Ziel-624x424.jpg 624w\" sizes=\"auto, (max-width: 625px) 100vw, 625px\" \/><\/a><p id=\"caption-attachment-3484\" class=\"wp-caption-text\">Wohltuende Erfrischung nach dem Lauf direkt neben der Strecke \ud83d\ude42<\/p><\/div><\/p>\n","protected":false},"excerpt":{"rendered":"<p>Zweiter Urlaubslauf, dritter See Nach einem sonnigen Badetag am Klopeiner See starteten wir 17 Uhr in St. Kanzian. Ab 16 Uhr fanden schon die Kinderl\u00e4ufe statt und die Walker gingen auf den Rundkurs. Leider waren keine Wolken in Sicht, so dass wir bereits bei der Startaufstellung ins Schwitzen kamen. Gemeldet waren L\u00e4ufer aus ganz \u00d6sterreich, [&hellip;]<\/p>\n","protected":false},"author":1,"featured_media":3477,"comment_status":"open","ping_status":"open","sticky":false,"template":"","format":"standard","meta":{"footnotes":""},"categories":[7],"tags":[10,12],"class_list":["post-3478","post","type-post","status-publish","format-standard","has-post-thumbnail","hentry","category-wettkampf-10-km","tag-10-km-lauf","tag-wettkampf"],"_links":{"self":[{"href":"https:\/\/laufkatrinlauf.de\/index.php?rest_route=\/wp\/v2\/posts\/3478","targetHints":{"allow":["GET"]}}],"collection":[{"href":"https:\/\/laufkatrinlauf.de\/index.php?rest_route=\/wp\/v2\/posts"}],"about":[{"href":"https:\/\/laufkatrinlauf.de\/index.php?rest_route=\/wp\/v2\/types\/post"}],"author":[{"embeddable":true,"href":"https:\/\/laufkatrinlauf.de\/index.php?rest_route=\/wp\/v2\/users\/1"}],"replies":[{"embeddable":true,"href":"https:\/\/laufkatrinlauf.de\/index.php?rest_route=%2Fwp%2Fv2%2Fcomments&post=3478"}],"version-history":[{"count":7,"href":"https:\/\/laufkatrinlauf.de\/index.php?rest_route=\/wp\/v2\/posts\/3478\/revisions"}],"predecessor-version":[{"id":3489,"href":"https:\/\/laufkatrinlauf.de\/index.php?rest_route=\/wp\/v2\/posts\/3478\/revisions\/3489"}],"wp:featuredmedia":[{"embeddable":true,"href":"https:\/\/laufkatrinlauf.de\/index.php?rest_route=\/wp\/v2\/media\/3477"}],"wp:attachment":[{"href":"https:\/\/laufkatrinlauf.de\/index.php?rest_route=%2Fwp%2Fv2%2Fmedia&parent=3478"}],"wp:term":[{"taxonomy":"category","embeddable":true,"href":"https:\/\/laufkatrinlauf.de\/index.php?rest_route=%2Fwp%2Fv2%2Fcategories&post=3478"},{"taxonomy":"post_tag","embeddable":true,"href":"https:\/\/laufkatrinlauf.de\/index.php?rest_route=%2Fwp%2Fv2%2Ftags&post=3478"}],"curies":[{"name":"wp","href":"https:\/\/api.w.org\/{rel}","templated":true}]}}