{"id":3669,"date":"2018-03-12T16:12:49","date_gmt":"2018-03-12T15:12:49","guid":{"rendered":"http:\/\/laufkatrinlauf.de\/?p=3669"},"modified":"2018-03-12T17:04:03","modified_gmt":"2018-03-12T16:04:03","slug":"laufstart-2018-beim-heini-langlotz-lauf-in-bruehl","status":"publish","type":"post","link":"https:\/\/laufkatrinlauf.de\/?p=3669","title":{"rendered":"Laufstart 2018 beim Heini-Langlotz-Lauf in Br\u00fchl"},"content":{"rendered":"<p><em><strong>Erster Lauf 2018<\/strong><br \/>\nNach langer Wettkampfpause &#8211; letzter 10er war im Oktober in Feudenheim &#8211; starte ich nun langsam wieder ins L\u00e4uferleben. Mit dem Tempotraining h\u00e4nge ich allerdings noch hinterher. Also keine Ahnung, wie ich die 10 km durchhalte.<br \/>\nSchon beim Sachen packen f\u00fchlte ich mich wie ein Neuling. Keine Routine mehr, jeden Punkt musste ich durchgehen, damit ich nichts vergesse. Auf dem Weg zum Auto f\u00fchlte es sich dann auch noch k\u00e4lter an, als vom Wetterbericht vorhergesagt. Also noch einmal zur\u00fcck und ein langes Shirt holen. Aber dann ging es los nach Br\u00fchl.<br \/>\nGanz vorbildlich lief ich mich ein und machte meine \u00dcbungen, nach der langen Pause wollte ich nichts riskieren. Danach war es auch w\u00e4rmer und das Laufwetter f\u00fchlte sich super an.<br \/>\nVon unserem Lauftreff &#8222;laufseggenelauf&#8220; waren wir zu siebend am Start, weitere 2 L\u00e4ufer wollten ein paar Kilometer mehr beim HM in Kandel.<br \/>\nAch und das Beste heute: 1. Lauf mit neuer Laufuhr!!!<br \/>\nNachdem meine Wunschuhr &#8211; die Garmin Fenix 5s &#8211; einfach zu teuer blieb, hatte ich mich auf der diesj\u00e4hren ISPO f\u00fcr die neue Forerunner 645 (ohne Musik) entschieden. Jeden Tag wartete ich darauf, dass ich sie kaufen konnte. Und am Mittwoch war es endlich soweit, vormittag bei engelhorn eingetroffen, nachmittag von mir gekauft \ud83d\ude42<br \/>\nDer Schritt von der Forerunner 310 XT zur 645 ist schon gewaltig.<br \/>\n<a href=\"https:\/\/laufkatrinlauf.de\/wp-content\/uploads\/2018\/03\/20180312_161651.jpg\"><img loading=\"lazy\" decoding=\"async\" src=\"https:\/\/laufkatrinlauf.de\/wp-content\/uploads\/2018\/03\/20180312_161651-1024x768.jpg\" alt=\"\" width=\"625\" height=\"469\" class=\"aligncenter size-large wp-image-3680\" srcset=\"https:\/\/laufkatrinlauf.de\/wp-content\/uploads\/2018\/03\/20180312_161651-1024x768.jpg 1024w, https:\/\/laufkatrinlauf.de\/wp-content\/uploads\/2018\/03\/20180312_161651-300x225.jpg 300w, https:\/\/laufkatrinlauf.de\/wp-content\/uploads\/2018\/03\/20180312_161651-768x576.jpg 768w, https:\/\/laufkatrinlauf.de\/wp-content\/uploads\/2018\/03\/20180312_161651-624x468.jpg 624w\" sizes=\"auto, (max-width: 625px) 100vw, 625px\" \/><\/a><br \/>\nAber zur\u00fcck zum Lauf. Nach der langen Pause musste ich erst einmal meinen Rhythmus wiederfinden. Ich war noch etwas vorsichtig, um auch wirklich durchzuhalten. Es wurde ein recht gleichm\u00e4\u00dfiger Lauf mit Zielzeit 48:53 min. Da habe ich wohl noch einiges zu tun, um meine alten Zeiten wieder zu erreichen. Trotzdem f\u00fchlte es sich gut an, viel mehr hatte ich ja nicht erwartet.<br \/>\nDer schnellste Mann heute schaffte die 10 km in 32:34, die schnellste Frau war nach 38:22 im Ziel.<\/em><br \/>\n<div id=\"attachment_3676\" style=\"width: 635px\" class=\"wp-caption aligncenter\"><a href=\"https:\/\/laufkatrinlauf.de\/wp-content\/uploads\/2018\/03\/20180311_112729_1.jpg\"><img loading=\"lazy\" decoding=\"async\" aria-describedby=\"caption-attachment-3676\" src=\"https:\/\/laufkatrinlauf.de\/wp-content\/uploads\/2018\/03\/20180311_112729_1-1024x933.jpg\" alt=\"\" width=\"625\" height=\"569\" class=\"size-large wp-image-3676\" srcset=\"https:\/\/laufkatrinlauf.de\/wp-content\/uploads\/2018\/03\/20180311_112729_1-1024x933.jpg 1024w, https:\/\/laufkatrinlauf.de\/wp-content\/uploads\/2018\/03\/20180311_112729_1-300x273.jpg 300w, https:\/\/laufkatrinlauf.de\/wp-content\/uploads\/2018\/03\/20180311_112729_1-768x700.jpg 768w, https:\/\/laufkatrinlauf.de\/wp-content\/uploads\/2018\/03\/20180311_112729_1-624x569.jpg 624w\" sizes=\"auto, (max-width: 625px) 100vw, 625px\" \/><\/a><p id=\"caption-attachment-3676\" class=\"wp-caption-text\">Vor dem Start &#8211; noch alle frisch \ud83d\ude09<\/p><\/div><div id=\"attachment_3681\" style=\"width: 635px\" class=\"wp-caption aligncenter\"><a href=\"https:\/\/laufkatrinlauf.de\/wp-content\/uploads\/2018\/03\/20180311_Br\u00fchl-001.jpg\"><img loading=\"lazy\" decoding=\"async\" aria-describedby=\"caption-attachment-3681\" src=\"https:\/\/laufkatrinlauf.de\/wp-content\/uploads\/2018\/03\/20180311_Br\u00fchl-001-1024x683.jpg\" alt=\"\" width=\"625\" height=\"417\" class=\"size-large wp-image-3681\" srcset=\"https:\/\/laufkatrinlauf.de\/wp-content\/uploads\/2018\/03\/20180311_Br\u00fchl-001-1024x683.jpg 1024w, https:\/\/laufkatrinlauf.de\/wp-content\/uploads\/2018\/03\/20180311_Br\u00fchl-001-300x200.jpg 300w, https:\/\/laufkatrinlauf.de\/wp-content\/uploads\/2018\/03\/20180311_Br\u00fchl-001-768x512.jpg 768w, https:\/\/laufkatrinlauf.de\/wp-content\/uploads\/2018\/03\/20180311_Br\u00fchl-001-624x416.jpg 624w, https:\/\/laufkatrinlauf.de\/wp-content\/uploads\/2018\/03\/20180311_Br\u00fchl-001.jpg 1920w\" sizes=\"auto, (max-width: 625px) 100vw, 625px\" \/><\/a><p id=\"caption-attachment-3681\" class=\"wp-caption-text\">Startschuss 12:00 Uhr<\/p><\/div><a href=\"https:\/\/laufkatrinlauf.de\/wp-content\/uploads\/2018\/03\/20180311_Br\u00fchl-023.jpg\"><img loading=\"lazy\" decoding=\"async\" src=\"https:\/\/laufkatrinlauf.de\/wp-content\/uploads\/2018\/03\/20180311_Br\u00fchl-023-1024x683.jpg\" alt=\"\" width=\"625\" height=\"417\" class=\"aligncenter size-large wp-image-3682\" srcset=\"https:\/\/laufkatrinlauf.de\/wp-content\/uploads\/2018\/03\/20180311_Br\u00fchl-023-1024x683.jpg 1024w, https:\/\/laufkatrinlauf.de\/wp-content\/uploads\/2018\/03\/20180311_Br\u00fchl-023-300x200.jpg 300w, https:\/\/laufkatrinlauf.de\/wp-content\/uploads\/2018\/03\/20180311_Br\u00fchl-023-768x512.jpg 768w, https:\/\/laufkatrinlauf.de\/wp-content\/uploads\/2018\/03\/20180311_Br\u00fchl-023-624x416.jpg 624w, https:\/\/laufkatrinlauf.de\/wp-content\/uploads\/2018\/03\/20180311_Br\u00fchl-023.jpg 1920w\" sizes=\"auto, (max-width: 625px) 100vw, 625px\" \/><\/a><\/p>\n","protected":false},"excerpt":{"rendered":"<p>Erster Lauf 2018 Nach langer Wettkampfpause &#8211; letzter 10er war im Oktober in Feudenheim &#8211; starte ich nun langsam wieder ins L\u00e4uferleben. Mit dem Tempotraining h\u00e4nge ich allerdings noch hinterher. Also keine Ahnung, wie ich die 10 km durchhalte. Schon beim Sachen packen f\u00fchlte ich mich wie ein Neuling. Keine Routine mehr, jeden Punkt musste [&hellip;]<\/p>\n","protected":false},"author":1,"featured_media":0,"comment_status":"open","ping_status":"open","sticky":false,"template":"","format":"standard","meta":{"footnotes":""},"categories":[7],"tags":[10,24],"class_list":["post-3669","post","type-post","status-publish","format-standard","hentry","category-wettkampf-10-km","tag-10-km-lauf","tag-laufcup"],"_links":{"self":[{"href":"https:\/\/laufkatrinlauf.de\/index.php?rest_route=\/wp\/v2\/posts\/3669","targetHints":{"allow":["GET"]}}],"collection":[{"href":"https:\/\/laufkatrinlauf.de\/index.php?rest_route=\/wp\/v2\/posts"}],"about":[{"href":"https:\/\/laufkatrinlauf.de\/index.php?rest_route=\/wp\/v2\/types\/post"}],"author":[{"embeddable":true,"href":"https:\/\/laufkatrinlauf.de\/index.php?rest_route=\/wp\/v2\/users\/1"}],"replies":[{"embeddable":true,"href":"https:\/\/laufkatrinlauf.de\/index.php?rest_route=%2Fwp%2Fv2%2Fcomments&post=3669"}],"version-history":[{"count":9,"href":"https:\/\/laufkatrinlauf.de\/index.php?rest_route=\/wp\/v2\/posts\/3669\/revisions"}],"predecessor-version":[{"id":3685,"href":"https:\/\/laufkatrinlauf.de\/index.php?rest_route=\/wp\/v2\/posts\/3669\/revisions\/3685"}],"wp:attachment":[{"href":"https:\/\/laufkatrinlauf.de\/index.php?rest_route=%2Fwp%2Fv2%2Fmedia&parent=3669"}],"wp:term":[{"taxonomy":"category","embeddable":true,"href":"https:\/\/laufkatrinlauf.de\/index.php?rest_route=%2Fwp%2Fv2%2Fcategories&post=3669"},{"taxonomy":"post_tag","embeddable":true,"href":"https:\/\/laufkatrinlauf.de\/index.php?rest_route=%2Fwp%2Fv2%2Ftags&post=3669"}],"curies":[{"name":"wp","href":"https:\/\/api.w.org\/{rel}","templated":true}]}}