{"id":3704,"date":"2018-04-16T17:01:16","date_gmt":"2018-04-16T15:01:16","guid":{"rendered":"http:\/\/laufkatrinlauf.de\/?p=3704"},"modified":"2018-04-16T19:41:49","modified_gmt":"2018-04-16T17:41:49","slug":"wunderschoener-marathon-dt-weinstrasse","status":"publish","type":"post","link":"https:\/\/laufkatrinlauf.de\/?p=3704","title":{"rendered":"Wundersch\u00f6ner Marathon Dt. Weinstra\u00dfe"},"content":{"rendered":"<p><em><strong>Nr. 12 in der Marathonsammlung<\/strong><br \/>\n<a href=\"https:\/\/laufkatrinlauf.de\/wp-content\/uploads\/2018\/04\/20180415_132830-e1523890762814.jpg\"><img loading=\"lazy\" decoding=\"async\" class=\"aligncenter size-large wp-image-3701\" src=\"https:\/\/laufkatrinlauf.de\/wp-content\/uploads\/2018\/04\/20180415_132830-e1523890762814-768x1024.jpg\" alt=\"\" width=\"625\" height=\"833\" srcset=\"https:\/\/laufkatrinlauf.de\/wp-content\/uploads\/2018\/04\/20180415_132830-e1523890762814-768x1024.jpg 768w, https:\/\/laufkatrinlauf.de\/wp-content\/uploads\/2018\/04\/20180415_132830-e1523890762814-225x300.jpg 225w, https:\/\/laufkatrinlauf.de\/wp-content\/uploads\/2018\/04\/20180415_132830-e1523890762814-624x832.jpg 624w\" sizes=\"auto, (max-width: 625px) 100vw, 625px\" \/><\/a><br \/>\nAuf den Marathon Dt. Weinstra\u00dfe war ich richtig gespannt. Bekannt als einer der sch\u00f6nsten Landschaftsl\u00e4ufe in Deutschland findet er nur aller 2 Jahre statt. Das steigert nat\u00fcrlich noch die Attraktivit\u00e4t.<br \/>\nBereits am Vortag machten wir uns auf den Weg in die Pfalz, um schon mal die besondere Stimmung zu genie\u00dfen und die Startunterlagen zu sichern.<\/p>\n<div id=\"attachment_3702\" style=\"width: 635px\" class=\"wp-caption aligncenter\"><a href=\"https:\/\/laufkatrinlauf.de\/wp-content\/uploads\/2018\/04\/201804_Weinstra\u00dfenmarathon-004.jpg\"><img loading=\"lazy\" decoding=\"async\" aria-describedby=\"caption-attachment-3702\" class=\"size-large wp-image-3702\" src=\"https:\/\/laufkatrinlauf.de\/wp-content\/uploads\/2018\/04\/201804_Weinstra\u00dfenmarathon-004-1024x768.jpg\" alt=\"\" width=\"625\" height=\"469\" srcset=\"https:\/\/laufkatrinlauf.de\/wp-content\/uploads\/2018\/04\/201804_Weinstra\u00dfenmarathon-004-1024x768.jpg 1024w, https:\/\/laufkatrinlauf.de\/wp-content\/uploads\/2018\/04\/201804_Weinstra\u00dfenmarathon-004-300x225.jpg 300w, https:\/\/laufkatrinlauf.de\/wp-content\/uploads\/2018\/04\/201804_Weinstra\u00dfenmarathon-004-768x576.jpg 768w, https:\/\/laufkatrinlauf.de\/wp-content\/uploads\/2018\/04\/201804_Weinstra\u00dfenmarathon-004-624x468.jpg 624w\" sizes=\"auto, (max-width: 625px) 100vw, 625px\" \/><\/a><p id=\"caption-attachment-3702\" class=\"wp-caption-text\">Starterbeutel mit Pf\u00e4lzer Wein<\/p><\/div>\n<p><a href=\"https:\/\/laufkatrinlauf.de\/wp-content\/uploads\/2018\/04\/201804_Weinstra\u00dfenmarathon-011.jpg\"><img loading=\"lazy\" decoding=\"async\" class=\"aligncenter size-large wp-image-3703\" src=\"https:\/\/laufkatrinlauf.de\/wp-content\/uploads\/2018\/04\/201804_Weinstra\u00dfenmarathon-011-1024x768.jpg\" alt=\"\" width=\"625\" height=\"469\" srcset=\"https:\/\/laufkatrinlauf.de\/wp-content\/uploads\/2018\/04\/201804_Weinstra\u00dfenmarathon-011-1024x768.jpg 1024w, https:\/\/laufkatrinlauf.de\/wp-content\/uploads\/2018\/04\/201804_Weinstra\u00dfenmarathon-011-300x225.jpg 300w, https:\/\/laufkatrinlauf.de\/wp-content\/uploads\/2018\/04\/201804_Weinstra\u00dfenmarathon-011-768x576.jpg 768w, https:\/\/laufkatrinlauf.de\/wp-content\/uploads\/2018\/04\/201804_Weinstra\u00dfenmarathon-011-624x468.jpg 624w\" sizes=\"auto, (max-width: 625px) 100vw, 625px\" \/><\/a><br \/>\nLaufSeggneLauf war mit 3 Halbmarathonis und 2 Marathonis vertreten, die alle das Ziel erreichten. Insgesamt starteten beim Marathon \u00fcber 1068 L\u00e4ufer, beim HM 1929 und beim Duo-Marathon 341 L\u00e4ufer.<\/p>\n<div id=\"attachment_3695\" style=\"width: 635px\" class=\"wp-caption aligncenter\"><a href=\"https:\/\/laufkatrinlauf.de\/wp-content\/uploads\/2018\/04\/20180415_100028-e1523888703777.jpg\"><img loading=\"lazy\" decoding=\"async\" aria-describedby=\"caption-attachment-3695\" class=\"size-large wp-image-3695\" src=\"https:\/\/laufkatrinlauf.de\/wp-content\/uploads\/2018\/04\/20180415_100028-e1523888703777-768x1024.jpg\" alt=\"\" width=\"625\" height=\"833\" srcset=\"https:\/\/laufkatrinlauf.de\/wp-content\/uploads\/2018\/04\/20180415_100028-e1523888703777-768x1024.jpg 768w, https:\/\/laufkatrinlauf.de\/wp-content\/uploads\/2018\/04\/20180415_100028-e1523888703777-225x300.jpg 225w, https:\/\/laufkatrinlauf.de\/wp-content\/uploads\/2018\/04\/20180415_100028-e1523888703777-624x832.jpg 624w\" sizes=\"auto, (max-width: 625px) 100vw, 625px\" \/><\/a><p id=\"caption-attachment-3695\" class=\"wp-caption-text\">Startaufstellung am Haus der Deutschen Weinstra\u00dfe in Bockenheim<\/p><\/div>\n<p><a href=\"https:\/\/laufkatrinlauf.de\/wp-content\/uploads\/2018\/04\/20180415_100019.jpg\"><img loading=\"lazy\" decoding=\"async\" class=\"aligncenter size-large wp-image-3694\" src=\"https:\/\/laufkatrinlauf.de\/wp-content\/uploads\/2018\/04\/20180415_100019-1024x768.jpg\" alt=\"\" width=\"625\" height=\"469\" srcset=\"https:\/\/laufkatrinlauf.de\/wp-content\/uploads\/2018\/04\/20180415_100019-1024x768.jpg 1024w, https:\/\/laufkatrinlauf.de\/wp-content\/uploads\/2018\/04\/20180415_100019-300x225.jpg 300w, https:\/\/laufkatrinlauf.de\/wp-content\/uploads\/2018\/04\/20180415_100019-768x576.jpg 768w, https:\/\/laufkatrinlauf.de\/wp-content\/uploads\/2018\/04\/20180415_100019-624x468.jpg 624w\" sizes=\"auto, (max-width: 625px) 100vw, 625px\" \/><\/a><br \/>\nDie Strecke f\u00fchrte mit 495 hm auf und ab durch kleine und gr\u00f6\u00dfere Weinorte in der Pfalz. In Gr\u00fcnstadt liefen wir einen Teil der 10er-Strecke des Gr\u00fcnstadter Weinberglaufes, in Bad D\u00fcrkheim war dann Halbzeit.<\/p>\n<div id=\"attachment_3691\" style=\"width: 384px\" class=\"wp-caption aligncenter\"><a href=\"https:\/\/laufkatrinlauf.de\/wp-content\/uploads\/2018\/04\/2018-4-15_Strecke.jpg\"><img loading=\"lazy\" decoding=\"async\" aria-describedby=\"caption-attachment-3691\" class=\"size-full wp-image-3691\" src=\"https:\/\/laufkatrinlauf.de\/wp-content\/uploads\/2018\/04\/2018-4-15_Strecke.jpg\" alt=\"\" width=\"374\" height=\"586\" srcset=\"https:\/\/laufkatrinlauf.de\/wp-content\/uploads\/2018\/04\/2018-4-15_Strecke.jpg 374w, https:\/\/laufkatrinlauf.de\/wp-content\/uploads\/2018\/04\/2018-4-15_Strecke-191x300.jpg 191w\" sizes=\"auto, (max-width: 374px) 100vw, 374px\" \/><\/a><p id=\"caption-attachment-3691\" class=\"wp-caption-text\">Marathonstrecke mit Start und Ziel in Bockenheim<\/p><\/div>\n<div id=\"attachment_3690\" style=\"width: 990px\" class=\"wp-caption aligncenter\"><a href=\"https:\/\/laufkatrinlauf.de\/wp-content\/uploads\/2018\/04\/2018-04-15_H\u00f6henprofil.jpg\"><img loading=\"lazy\" decoding=\"async\" aria-describedby=\"caption-attachment-3690\" class=\"size-full wp-image-3690\" src=\"https:\/\/laufkatrinlauf.de\/wp-content\/uploads\/2018\/04\/2018-04-15_H\u00f6henprofil.jpg\" alt=\"\" width=\"980\" height=\"196\" srcset=\"https:\/\/laufkatrinlauf.de\/wp-content\/uploads\/2018\/04\/2018-04-15_H\u00f6henprofil.jpg 980w, https:\/\/laufkatrinlauf.de\/wp-content\/uploads\/2018\/04\/2018-04-15_H\u00f6henprofil-300x60.jpg 300w, https:\/\/laufkatrinlauf.de\/wp-content\/uploads\/2018\/04\/2018-04-15_H\u00f6henprofil-768x154.jpg 768w, https:\/\/laufkatrinlauf.de\/wp-content\/uploads\/2018\/04\/2018-04-15_H\u00f6henprofil-624x125.jpg 624w\" sizes=\"auto, (max-width: 980px) 100vw, 980px\" \/><\/a><p id=\"caption-attachment-3690\" class=\"wp-caption-text\">H\u00f6henprofil f\u00fcr den Marathon<\/p><\/div>\n<p>Die ersten Kilometer war es noch sehr eng, ich war in der L\u00e4ufermasse eingepackt und lies mich gem\u00fctlich mittreiben. Erst nach der Trennung von den Halbmarathonis wurde es \u00fcbersichtlicher und das Feld zog sich immer mehr auseinander.<br \/>\nDie Kilometer der ersten H\u00e4lfte flogen nur so vorbei. Die Strecke war abwechslungsreich, kleine einladende Weinorte mit einer Weinstube an der anderen, wundersch\u00f6nen bl\u00fchenden Vorg\u00e4rten, dann wieder Weinberge &#8230; es wurde nicht langweilig. Und die Pf\u00e4lzer waren ein tolles Publikum, sie hatten ihre Party am Rande des Marathons.<br \/>\nAlle waren dankbar f\u00fcr reichlich Wasser-\/Verpflegungsstationen, da die Sonne heute besonders freundlich schien.<\/p>\n<div id=\"attachment_3699\" style=\"width: 635px\" class=\"wp-caption aligncenter\"><a href=\"https:\/\/laufkatrinlauf.de\/wp-content\/uploads\/2018\/04\/20180415_121856.jpg\"><img loading=\"lazy\" decoding=\"async\" aria-describedby=\"caption-attachment-3699\" class=\"size-large wp-image-3699\" src=\"https:\/\/laufkatrinlauf.de\/wp-content\/uploads\/2018\/04\/20180415_121856-1024x768.jpg\" alt=\"\" width=\"625\" height=\"469\" srcset=\"https:\/\/laufkatrinlauf.de\/wp-content\/uploads\/2018\/04\/20180415_121856-1024x768.jpg 1024w, https:\/\/laufkatrinlauf.de\/wp-content\/uploads\/2018\/04\/20180415_121856-300x225.jpg 300w, https:\/\/laufkatrinlauf.de\/wp-content\/uploads\/2018\/04\/20180415_121856-768x576.jpg 768w, https:\/\/laufkatrinlauf.de\/wp-content\/uploads\/2018\/04\/20180415_121856-624x468.jpg 624w\" sizes=\"auto, (max-width: 625px) 100vw, 625px\" \/><\/a><p id=\"caption-attachment-3699\" class=\"wp-caption-text\">Bad D\u00fcrkheim, Saline<\/p><\/div>\n<p>Nachdem wir Bad D\u00fcrkheim durchquert hatten, wurde es dann anstrengender. Die Steigungen konnte ich nicht mehr so locker laufen wie anfangs, die km steckten schon in den Beinen. Ca. bei 36 und 38 km tat ich es dann vielen anderen gleich und legte bergauf Gehpausen ein. Jetzt freuten wir uns \u00fcber jedes Kilometerschild, das uns dem Ziel n\u00e4her brachte und auch jede Wasserstation, die uns eine kurze Pause brachte.<\/p>\n<div id=\"attachment_3700\" style=\"width: 635px\" class=\"wp-caption aligncenter\"><a href=\"https:\/\/laufkatrinlauf.de\/wp-content\/uploads\/2018\/04\/20180415_132819-e1523890126690.jpg\"><img loading=\"lazy\" decoding=\"async\" aria-describedby=\"caption-attachment-3700\" class=\"size-large wp-image-3700\" src=\"https:\/\/laufkatrinlauf.de\/wp-content\/uploads\/2018\/04\/20180415_132819-e1523890126690-768x1024.jpg\" alt=\"\" width=\"625\" height=\"833\" srcset=\"https:\/\/laufkatrinlauf.de\/wp-content\/uploads\/2018\/04\/20180415_132819-e1523890126690-768x1024.jpg 768w, https:\/\/laufkatrinlauf.de\/wp-content\/uploads\/2018\/04\/20180415_132819-e1523890126690-225x300.jpg 225w, https:\/\/laufkatrinlauf.de\/wp-content\/uploads\/2018\/04\/20180415_132819-e1523890126690-624x832.jpg 624w\" sizes=\"auto, (max-width: 625px) 100vw, 625px\" \/><\/a><p id=\"caption-attachment-3700\" class=\"wp-caption-text\">&#8230; bergauf &#8230;<\/p><\/div>\n<p>Die letzten Kilometer schwatze ich immer wieder mit anderen L\u00e4ufern, das lenkte etwas von der Anstrengung ab. Alle waren von der Strecke begeistert, ebenso von dem wunderbaren Publikum und der super Organisation.<br \/>\nUnd dann kam das Ziel n\u00e4her, die Beine legten noch mal los und schafften es bis zum Zieleinlauf nach 4:25:34. Danach war Schluss, die Beine wurden wackelig, der Magen motzte auch etwas. Obwohl langsamer als sonst unterwegs, war der Marathon deutlich in den Beinen zu sp\u00fcren. Daf\u00fcr war es wieder ein tolles Erlebnis. Wundersch\u00f6ner Marathon, den laufe ich gerne mal wieder.<\/p>\n<p><div id=\"attachment_3693\" style=\"width: 635px\" class=\"wp-caption aligncenter\"><a href=\"https:\/\/laufkatrinlauf.de\/wp-content\/uploads\/2018\/04\/201804_Weinstra\u00dfenmarathon-111.jpg\"><img loading=\"lazy\" decoding=\"async\" aria-describedby=\"caption-attachment-3693\" class=\"size-large wp-image-3693\" src=\"https:\/\/laufkatrinlauf.de\/wp-content\/uploads\/2018\/04\/201804_Weinstra\u00dfenmarathon-111-1024x768.jpg\" alt=\"\" width=\"625\" height=\"469\" srcset=\"https:\/\/laufkatrinlauf.de\/wp-content\/uploads\/2018\/04\/201804_Weinstra\u00dfenmarathon-111-1024x768.jpg 1024w, https:\/\/laufkatrinlauf.de\/wp-content\/uploads\/2018\/04\/201804_Weinstra\u00dfenmarathon-111-300x225.jpg 300w, https:\/\/laufkatrinlauf.de\/wp-content\/uploads\/2018\/04\/201804_Weinstra\u00dfenmarathon-111-768x576.jpg 768w, https:\/\/laufkatrinlauf.de\/wp-content\/uploads\/2018\/04\/201804_Weinstra\u00dfenmarathon-111-624x468.jpg 624w\" sizes=\"auto, (max-width: 625px) 100vw, 625px\" \/><\/a><p id=\"caption-attachment-3693\" class=\"wp-caption-text\">Gl\u00fccklich im Ziel<\/p><\/div><\/em><br \/>\n<a href=\"https:\/\/laufkatrinlauf.de\/wp-content\/uploads\/2018\/04\/2018-04-15_Urkunde.pdf\">2018-04-15_Urkunde<\/a><\/p>\n","protected":false},"excerpt":{"rendered":"<p>Nr. 12 in der Marathonsammlung Auf den Marathon Dt. Weinstra\u00dfe war ich richtig gespannt. Bekannt als einer der sch\u00f6nsten Landschaftsl\u00e4ufe in Deutschland findet er nur aller 2 Jahre statt. Das steigert nat\u00fcrlich noch die Attraktivit\u00e4t. Bereits am Vortag machten wir uns auf den Weg in die Pfalz, um schon mal die besondere Stimmung zu genie\u00dfen [&hellip;]<\/p>\n","protected":false},"author":1,"featured_media":0,"comment_status":"open","ping_status":"open","sticky":false,"template":"","format":"standard","meta":{"footnotes":""},"categories":[33],"tags":[36,6],"class_list":["post-3704","post","type-post","status-publish","format-standard","hentry","category-marathon","tag-berglauf","tag-marathon"],"_links":{"self":[{"href":"https:\/\/laufkatrinlauf.de\/index.php?rest_route=\/wp\/v2\/posts\/3704","targetHints":{"allow":["GET"]}}],"collection":[{"href":"https:\/\/laufkatrinlauf.de\/index.php?rest_route=\/wp\/v2\/posts"}],"about":[{"href":"https:\/\/laufkatrinlauf.de\/index.php?rest_route=\/wp\/v2\/types\/post"}],"author":[{"embeddable":true,"href":"https:\/\/laufkatrinlauf.de\/index.php?rest_route=\/wp\/v2\/users\/1"}],"replies":[{"embeddable":true,"href":"https:\/\/laufkatrinlauf.de\/index.php?rest_route=%2Fwp%2Fv2%2Fcomments&post=3704"}],"version-history":[{"count":10,"href":"https:\/\/laufkatrinlauf.de\/index.php?rest_route=\/wp\/v2\/posts\/3704\/revisions"}],"predecessor-version":[{"id":3715,"href":"https:\/\/laufkatrinlauf.de\/index.php?rest_route=\/wp\/v2\/posts\/3704\/revisions\/3715"}],"wp:attachment":[{"href":"https:\/\/laufkatrinlauf.de\/index.php?rest_route=%2Fwp%2Fv2%2Fmedia&parent=3704"}],"wp:term":[{"taxonomy":"category","embeddable":true,"href":"https:\/\/laufkatrinlauf.de\/index.php?rest_route=%2Fwp%2Fv2%2Fcategories&post=3704"},{"taxonomy":"post_tag","embeddable":true,"href":"https:\/\/laufkatrinlauf.de\/index.php?rest_route=%2Fwp%2Fv2%2Ftags&post=3704"}],"curies":[{"name":"wp","href":"https:\/\/api.w.org\/{rel}","templated":true}]}}