{"id":3725,"date":"2018-05-14T17:52:42","date_gmt":"2018-05-14T15:52:42","guid":{"rendered":"http:\/\/laufkatrinlauf.de\/?p=3725"},"modified":"2018-05-14T17:59:39","modified_gmt":"2018-05-14T15:59:39","slug":"15-daemmermarathon-in-mannheim","status":"publish","type":"post","link":"https:\/\/laufkatrinlauf.de\/?p=3725","title":{"rendered":"15. D\u00e4mmermarathon in Mannheim"},"content":{"rendered":"<p><em><strong>Halbmarathon durch Seggene<\/strong><br \/>\nIm Lauftreff hatten wir flei\u00dfig f\u00fcr den D\u00e4mmermarathon trainiert. 21 L\u00e4ufer von unserer Truppe wollten an den Start: 1 Marathoni und 20 Halbmarathonis. Wir freuten uns alle auf den Lauf, da die Strecke durch Seckenheim immer ein besonderes Hightlight ist.<br \/>\nGespannt beobachteten wir die ganze Woche schon das Wetter. Aber es blieb bei den hohen Temperaturen. Also langsamer laufen und mehr trinken \ud83d\ude09<br \/>\nWie trafen uns bereits in der Stra\u00dfenbahn und danach zum Gruppenfoto:<br \/>\n<a href=\"https:\/\/laufkatrinlauf.de\/wp-content\/uploads\/2018\/05\/2018-05-12_GruppeBahn.jpg\"><img loading=\"lazy\" decoding=\"async\" class=\"aligncenter size-large wp-image-3727\" src=\"https:\/\/laufkatrinlauf.de\/wp-content\/uploads\/2018\/05\/2018-05-12_GruppeBahn-1024x795.jpg\" alt=\"\" width=\"625\" height=\"485\" srcset=\"https:\/\/laufkatrinlauf.de\/wp-content\/uploads\/2018\/05\/2018-05-12_GruppeBahn-1024x795.jpg 1024w, https:\/\/laufkatrinlauf.de\/wp-content\/uploads\/2018\/05\/2018-05-12_GruppeBahn-300x233.jpg 300w, https:\/\/laufkatrinlauf.de\/wp-content\/uploads\/2018\/05\/2018-05-12_GruppeBahn-768x596.jpg 768w, https:\/\/laufkatrinlauf.de\/wp-content\/uploads\/2018\/05\/2018-05-12_GruppeBahn-624x484.jpg 624w\" sizes=\"auto, (max-width: 625px) 100vw, 625px\" \/><\/a><\/p>\n<div id=\"attachment_3728\" style=\"width: 635px\" class=\"wp-caption aligncenter\"><a href=\"https:\/\/laufkatrinlauf.de\/wp-content\/uploads\/2018\/05\/2018-05-12_Gruppenfoto.jpg\"><img loading=\"lazy\" decoding=\"async\" aria-describedby=\"caption-attachment-3728\" class=\"size-large wp-image-3728\" src=\"https:\/\/laufkatrinlauf.de\/wp-content\/uploads\/2018\/05\/2018-05-12_Gruppenfoto-1024x942.jpg\" alt=\"\" width=\"625\" height=\"575\" srcset=\"https:\/\/laufkatrinlauf.de\/wp-content\/uploads\/2018\/05\/2018-05-12_Gruppenfoto-1024x942.jpg 1024w, https:\/\/laufkatrinlauf.de\/wp-content\/uploads\/2018\/05\/2018-05-12_Gruppenfoto-300x276.jpg 300w, https:\/\/laufkatrinlauf.de\/wp-content\/uploads\/2018\/05\/2018-05-12_Gruppenfoto-768x707.jpg 768w, https:\/\/laufkatrinlauf.de\/wp-content\/uploads\/2018\/05\/2018-05-12_Gruppenfoto-624x574.jpg 624w\" sizes=\"auto, (max-width: 625px) 100vw, 625px\" \/><\/a><p id=\"caption-attachment-3728\" class=\"wp-caption-text\">Fototermin am Lipsirad<\/p><\/div>\n<p><div id=\"attachment_3731\" style=\"width: 635px\" class=\"wp-caption aligncenter\"><a href=\"https:\/\/laufkatrinlauf.de\/wp-content\/uploads\/2018\/05\/2018-05-12-18.24.18.jpg\"><img loading=\"lazy\" decoding=\"async\" aria-describedby=\"caption-attachment-3731\" class=\"size-large wp-image-3731\" src=\"https:\/\/laufkatrinlauf.de\/wp-content\/uploads\/2018\/05\/2018-05-12-18.24.18-1024x768.jpg\" alt=\"\" width=\"625\" height=\"469\" srcset=\"https:\/\/laufkatrinlauf.de\/wp-content\/uploads\/2018\/05\/2018-05-12-18.24.18-1024x768.jpg 1024w, https:\/\/laufkatrinlauf.de\/wp-content\/uploads\/2018\/05\/2018-05-12-18.24.18-300x225.jpg 300w, https:\/\/laufkatrinlauf.de\/wp-content\/uploads\/2018\/05\/2018-05-12-18.24.18-768x576.jpg 768w, https:\/\/laufkatrinlauf.de\/wp-content\/uploads\/2018\/05\/2018-05-12-18.24.18-624x468.jpg 624w\" sizes=\"auto, (max-width: 625px) 100vw, 625px\" \/><\/a><p id=\"caption-attachment-3731\" class=\"wp-caption-text\">&#8230; letzte Vorbereitungen \ud83d\ude09<\/p><\/div><br \/>\nAlle waren mehr oder weniger aufgeregt, vor allem unsere HM-Neulinge warteten nun gespannt auf den Start.<br \/>\nP\u00fcnktlich r\u00fcckte der erste Block an die Ziellinie.<br \/>\n<div id=\"attachment_3730\" style=\"width: 635px\" class=\"wp-caption aligncenter\"><a href=\"https:\/\/laufkatrinlauf.de\/wp-content\/uploads\/2018\/05\/2018-05-12-18.59.29.jpg\"><img loading=\"lazy\" decoding=\"async\" aria-describedby=\"caption-attachment-3730\" src=\"https:\/\/laufkatrinlauf.de\/wp-content\/uploads\/2018\/05\/2018-05-12-18.59.29-1024x768.jpg\" alt=\"\" width=\"625\" height=\"469\" class=\"size-large wp-image-3730\" srcset=\"https:\/\/laufkatrinlauf.de\/wp-content\/uploads\/2018\/05\/2018-05-12-18.59.29-1024x768.jpg 1024w, https:\/\/laufkatrinlauf.de\/wp-content\/uploads\/2018\/05\/2018-05-12-18.59.29-300x225.jpg 300w, https:\/\/laufkatrinlauf.de\/wp-content\/uploads\/2018\/05\/2018-05-12-18.59.29-768x576.jpg 768w, https:\/\/laufkatrinlauf.de\/wp-content\/uploads\/2018\/05\/2018-05-12-18.59.29-624x468.jpg 624w\" sizes=\"auto, (max-width: 625px) 100vw, 625px\" \/><\/a><p id=\"caption-attachment-3730\" class=\"wp-caption-text\">Startaufstellung A1<\/p><\/div><br \/>\nUnd dann kam der Startschuss f\u00fcr den D\u00e4mmermarathon. F\u00fcr uns f\u00fchrte die Strecke vom Rosengarten \u00fcber die Augustaanlage, durch Neuostheim in Richtung Seckenheim. Dort f\u00fchlten wir uns dann auf unseren w\u00f6chentlichen Trainingswegen total heimisch. Und wir wurden mit gro\u00dfem Hallo begr\u00fc\u00dft. An jeder Ecke, Kurve, Platz, Kreuzung &#8230; stand jemand vom Verein, aus der Nachbarschaft, aus der Tanzgruppe &#8230; es machte riesen Spa\u00df an so vielen Bekannten vorbeizulaufen. Die Tanzgruppe hatte extra Schilder gebastelt \ud83d\ude42 Besonders tosende Stimmung gab es nach dem Wasserturm am SV-Stand. Viele hatten sich dort versammelt und jedes Vereinsmitglied bekam seine eigene Laola-Welle. Danke an alle f\u00fcr so viel Unterst\u00fctzung.<br \/>\nAber wie immer kostete das auch viel Kraft. Von den Anfeuerungsrufen befl\u00fcgelt, steigert fast jeder das Tempo. Nach 4 km durch Seckenheim ist dann erst mal die Luft raus. Und es wird stiller an den Stra\u00dfen.<br \/>\nDer R\u00fcckweg in Richtung Mannheim war dann etwas k\u00fchler, viele hatten das Tempo reduziert. Die meisten hatten nun mit sich zu tun &#8230; entweder um noch den Zeitplan zu schaffen oder einfach nur durchzuhalten. So schnell wie die Kilometer auf dem ersten Teil vorbeiflogen, so langsam gingen sie jetzt vorbei.<br \/>\nDie letzten 3 km haben es dann noch einmal in sich. Irgendwie f\u00fchlen die sich immer doppelt so lang an. Die Schleife durch die Fressgasse, dann vorbei an engelhorn und zur\u00fcck zum Rosengarten ist der h\u00e4rteste Teil. Man sieht das Ziel, man h\u00f6rt das Ziel und trotzdem ist man noch nicht da. Es werden noch einmal die Kr\u00e4fte mobilisiert und auch ein L\u00e4cheln muss noch m\u00f6glich sein &#8230; vorbei an viel Ablaus von der Trib\u00fcne ist dann endlich das Ziel da. Jeder, der es geschafft hat, nimmt gl\u00fccklich seine Medaille entgegen.<br \/>\nF\u00fcr mich war es ein sehr sch\u00f6ner Lauf, es hat Spa\u00df gemacht, Seggene war einfach Klasse. Und die Zeit &#8230; nicht wie geplant, aber bei den warmen Temperaturen und mit 4 Trinkpausen bin ich mit der Zeit 1:47:39 total zufrieden.<br \/>\n<div id=\"attachment_3740\" style=\"width: 635px\" class=\"wp-caption aligncenter\"><a href=\"https:\/\/laufkatrinlauf.de\/wp-content\/uploads\/2018\/05\/20180512_233203.jpg\"><img loading=\"lazy\" decoding=\"async\" aria-describedby=\"caption-attachment-3740\" src=\"https:\/\/laufkatrinlauf.de\/wp-content\/uploads\/2018\/05\/20180512_233203-1024x768.jpg\" alt=\"\" width=\"625\" height=\"469\" class=\"size-large wp-image-3740\" srcset=\"https:\/\/laufkatrinlauf.de\/wp-content\/uploads\/2018\/05\/20180512_233203-1024x768.jpg 1024w, https:\/\/laufkatrinlauf.de\/wp-content\/uploads\/2018\/05\/20180512_233203-300x225.jpg 300w, https:\/\/laufkatrinlauf.de\/wp-content\/uploads\/2018\/05\/20180512_233203-768x576.jpg 768w, https:\/\/laufkatrinlauf.de\/wp-content\/uploads\/2018\/05\/20180512_233203-624x468.jpg 624w\" sizes=\"auto, (max-width: 625px) 100vw, 625px\" \/><\/a><p id=\"caption-attachment-3740\" class=\"wp-caption-text\">Gl\u00fccklich im Ziel<\/p><\/div><\/em><\/p>\n","protected":false},"excerpt":{"rendered":"<p>Halbmarathon durch Seggene Im Lauftreff hatten wir flei\u00dfig f\u00fcr den D\u00e4mmermarathon trainiert. 21 L\u00e4ufer von unserer Truppe wollten an den Start: 1 Marathoni und 20 Halbmarathonis. Wir freuten uns alle auf den Lauf, da die Strecke durch Seckenheim immer ein besonderes Hightlight ist. Gespannt beobachteten wir die ganze Woche schon das Wetter. Aber es blieb [&hellip;]<\/p>\n","protected":false},"author":1,"featured_media":0,"comment_status":"open","ping_status":"open","sticky":false,"template":"","format":"standard","meta":{"footnotes":""},"categories":[8,37],"tags":[34,12],"class_list":["post-3725","post","type-post","status-publish","format-standard","hentry","category-halbmarathon","category-wettkampf","tag-halbmarathon","tag-wettkampf"],"_links":{"self":[{"href":"https:\/\/laufkatrinlauf.de\/index.php?rest_route=\/wp\/v2\/posts\/3725","targetHints":{"allow":["GET"]}}],"collection":[{"href":"https:\/\/laufkatrinlauf.de\/index.php?rest_route=\/wp\/v2\/posts"}],"about":[{"href":"https:\/\/laufkatrinlauf.de\/index.php?rest_route=\/wp\/v2\/types\/post"}],"author":[{"embeddable":true,"href":"https:\/\/laufkatrinlauf.de\/index.php?rest_route=\/wp\/v2\/users\/1"}],"replies":[{"embeddable":true,"href":"https:\/\/laufkatrinlauf.de\/index.php?rest_route=%2Fwp%2Fv2%2Fcomments&post=3725"}],"version-history":[{"count":8,"href":"https:\/\/laufkatrinlauf.de\/index.php?rest_route=\/wp\/v2\/posts\/3725\/revisions"}],"predecessor-version":[{"id":3741,"href":"https:\/\/laufkatrinlauf.de\/index.php?rest_route=\/wp\/v2\/posts\/3725\/revisions\/3741"}],"wp:attachment":[{"href":"https:\/\/laufkatrinlauf.de\/index.php?rest_route=%2Fwp%2Fv2%2Fmedia&parent=3725"}],"wp:term":[{"taxonomy":"category","embeddable":true,"href":"https:\/\/laufkatrinlauf.de\/index.php?rest_route=%2Fwp%2Fv2%2Fcategories&post=3725"},{"taxonomy":"post_tag","embeddable":true,"href":"https:\/\/laufkatrinlauf.de\/index.php?rest_route=%2Fwp%2Fv2%2Ftags&post=3725"}],"curies":[{"name":"wp","href":"https:\/\/api.w.org\/{rel}","templated":true}]}}