{"id":3783,"date":"2018-07-01T14:38:52","date_gmt":"2018-07-01T12:38:52","guid":{"rendered":"http:\/\/laufkatrinlauf.de\/?p=3783"},"modified":"2018-07-01T14:47:57","modified_gmt":"2018-07-01T12:47:57","slug":"kerwelauf-in-wilhelmsfeld","status":"publish","type":"post","link":"https:\/\/laufkatrinlauf.de\/?p=3783","title":{"rendered":"Kerwelauf in Wilhelmsfeld"},"content":{"rendered":"<p><em><strong>Ende der gem\u00fctlichen L\u00e4ufe<\/strong><br \/>\nDer Marathon am Rennsteig ist nun schon 5 Wochen her. Seitdem bin ich nur 2 mal in der Woche gem\u00fctlich gelaufen.<br \/>\nEndlich bin ich nun wieder motiviert loszulegen und habe gleich mal in Wilhelmsfeld getestet, wie es mit der Form so aussieht. Der Lauf hat mir im letzten Jahr schon gefallen, bergauf bergab ist mir lieber, als flache Strecken. Da ein sonniger hei\u00dfer Tag gemeldet war, bot sich der Lauf im Wald umso mehr an.<br \/>\nDie \u00fcberschaubare Menge an L\u00e4ufern verteilte sich auf HM, 10 km, Walker und 6,4 km.<br \/>\n<a href=\"https:\/\/laufkatrinlauf.de\/wp-content\/uploads\/2018\/07\/20180701_Wilhelmsfeld_Kerwelauf-016.jpg\"><img loading=\"lazy\" decoding=\"async\" src=\"https:\/\/laufkatrinlauf.de\/wp-content\/uploads\/2018\/07\/20180701_Wilhelmsfeld_Kerwelauf-016-1024x683.jpg\" alt=\"\" width=\"625\" height=\"417\" class=\"aligncenter size-large wp-image-3786\" srcset=\"https:\/\/laufkatrinlauf.de\/wp-content\/uploads\/2018\/07\/20180701_Wilhelmsfeld_Kerwelauf-016-1024x683.jpg 1024w, https:\/\/laufkatrinlauf.de\/wp-content\/uploads\/2018\/07\/20180701_Wilhelmsfeld_Kerwelauf-016-300x200.jpg 300w, https:\/\/laufkatrinlauf.de\/wp-content\/uploads\/2018\/07\/20180701_Wilhelmsfeld_Kerwelauf-016-768x512.jpg 768w, https:\/\/laufkatrinlauf.de\/wp-content\/uploads\/2018\/07\/20180701_Wilhelmsfeld_Kerwelauf-016-624x416.jpg 624w\" sizes=\"auto, (max-width: 625px) 100vw, 625px\" \/><\/a><br \/>\nStart war in der Sonne, aber schon bald konnten wir in den Schatten des Waldes eintauchen. Dann ging es erst einmal bis zur Halbzeit bergauf. Die Steigung war angenehm zu laufen. Aber bei 5 km ging es schon wieder auf den R\u00fcckweg und nun nat\u00fcrlich bergab. Im Tal empfing uns &#8211; wie schon auf dem Hinweg &#8211; eine gro\u00dfe Gruppe Zuschauer, die sich wohl f\u00fcr den ganzen Tag an der Stra\u00dfe eingerichtet hatten und ordentlich f\u00fcr Stimmung sorgte \ud83d\ude42<br \/>\n<a href=\"https:\/\/laufkatrinlauf.de\/wp-content\/uploads\/2018\/07\/20180701_Wilhelmsfeld_Kerwelauf-018.jpg\"><img loading=\"lazy\" decoding=\"async\" src=\"https:\/\/laufkatrinlauf.de\/wp-content\/uploads\/2018\/07\/20180701_Wilhelmsfeld_Kerwelauf-018-1024x683.jpg\" alt=\"\" width=\"625\" height=\"417\" class=\"aligncenter size-large wp-image-3788\" srcset=\"https:\/\/laufkatrinlauf.de\/wp-content\/uploads\/2018\/07\/20180701_Wilhelmsfeld_Kerwelauf-018-1024x683.jpg 1024w, https:\/\/laufkatrinlauf.de\/wp-content\/uploads\/2018\/07\/20180701_Wilhelmsfeld_Kerwelauf-018-300x200.jpg 300w, https:\/\/laufkatrinlauf.de\/wp-content\/uploads\/2018\/07\/20180701_Wilhelmsfeld_Kerwelauf-018-768x512.jpg 768w, https:\/\/laufkatrinlauf.de\/wp-content\/uploads\/2018\/07\/20180701_Wilhelmsfeld_Kerwelauf-018-624x416.jpg 624w\" sizes=\"auto, (max-width: 625px) 100vw, 625px\" \/><\/a><br \/>\nNachdem man mit z\u00fcgigem Bergablauf in der N\u00e4he des Zieles angekommen ist, muss man die letzten Kr\u00e4fte mobilisieren, um die Steigung in Richtung Ziel zu schaffen. Das war noch mal hart. Obwohl &#8211; wegen fehlendem Tempotraining &#8211; die Zeit schlechter als im letzten Jahr war, kam ich als zweite Frau und als erste in meiner Altersklasse ins Ziel.<\/em><br \/>\n<a href=\"https:\/\/laufkatrinlauf.de\/wp-content\/uploads\/2018\/07\/20180701_Wilhelmsfeld_Kerwelauf-038.jpg\"><img loading=\"lazy\" decoding=\"async\" src=\"https:\/\/laufkatrinlauf.de\/wp-content\/uploads\/2018\/07\/20180701_Wilhelmsfeld_Kerwelauf-038-1024x683.jpg\" alt=\"\" width=\"625\" height=\"417\" class=\"aligncenter size-large wp-image-3787\" srcset=\"https:\/\/laufkatrinlauf.de\/wp-content\/uploads\/2018\/07\/20180701_Wilhelmsfeld_Kerwelauf-038-1024x683.jpg 1024w, https:\/\/laufkatrinlauf.de\/wp-content\/uploads\/2018\/07\/20180701_Wilhelmsfeld_Kerwelauf-038-300x200.jpg 300w, https:\/\/laufkatrinlauf.de\/wp-content\/uploads\/2018\/07\/20180701_Wilhelmsfeld_Kerwelauf-038-768x512.jpg 768w, https:\/\/laufkatrinlauf.de\/wp-content\/uploads\/2018\/07\/20180701_Wilhelmsfeld_Kerwelauf-038-624x416.jpg 624w\" sizes=\"auto, (max-width: 625px) 100vw, 625px\" \/><\/a><\/p>\n","protected":false},"excerpt":{"rendered":"<p>Ende der gem\u00fctlichen L\u00e4ufe Der Marathon am Rennsteig ist nun schon 5 Wochen her. Seitdem bin ich nur 2 mal in der Woche gem\u00fctlich gelaufen. Endlich bin ich nun wieder motiviert loszulegen und habe gleich mal in Wilhelmsfeld getestet, wie es mit der Form so aussieht. Der Lauf hat mir im letzten Jahr schon gefallen, [&hellip;]<\/p>\n","protected":false},"author":1,"featured_media":0,"comment_status":"open","ping_status":"open","sticky":false,"template":"","format":"standard","meta":{"footnotes":""},"categories":[37,7],"tags":[10,36,12],"class_list":["post-3783","post","type-post","status-publish","format-standard","hentry","category-wettkampf","category-wettkampf-10-km","tag-10-km-lauf","tag-berglauf","tag-wettkampf"],"_links":{"self":[{"href":"https:\/\/laufkatrinlauf.de\/index.php?rest_route=\/wp\/v2\/posts\/3783","targetHints":{"allow":["GET"]}}],"collection":[{"href":"https:\/\/laufkatrinlauf.de\/index.php?rest_route=\/wp\/v2\/posts"}],"about":[{"href":"https:\/\/laufkatrinlauf.de\/index.php?rest_route=\/wp\/v2\/types\/post"}],"author":[{"embeddable":true,"href":"https:\/\/laufkatrinlauf.de\/index.php?rest_route=\/wp\/v2\/users\/1"}],"replies":[{"embeddable":true,"href":"https:\/\/laufkatrinlauf.de\/index.php?rest_route=%2Fwp%2Fv2%2Fcomments&post=3783"}],"version-history":[{"count":4,"href":"https:\/\/laufkatrinlauf.de\/index.php?rest_route=\/wp\/v2\/posts\/3783\/revisions"}],"predecessor-version":[{"id":3790,"href":"https:\/\/laufkatrinlauf.de\/index.php?rest_route=\/wp\/v2\/posts\/3783\/revisions\/3790"}],"wp:attachment":[{"href":"https:\/\/laufkatrinlauf.de\/index.php?rest_route=%2Fwp%2Fv2%2Fmedia&parent=3783"}],"wp:term":[{"taxonomy":"category","embeddable":true,"href":"https:\/\/laufkatrinlauf.de\/index.php?rest_route=%2Fwp%2Fv2%2Fcategories&post=3783"},{"taxonomy":"post_tag","embeddable":true,"href":"https:\/\/laufkatrinlauf.de\/index.php?rest_route=%2Fwp%2Fv2%2Ftags&post=3783"}],"curies":[{"name":"wp","href":"https:\/\/api.w.org\/{rel}","templated":true}]}}