{"id":3792,"date":"2018-07-07T19:27:11","date_gmt":"2018-07-07T17:27:11","guid":{"rendered":"http:\/\/laufkatrinlauf.de\/?p=3792"},"modified":"2018-07-07T19:27:11","modified_gmt":"2018-07-07T17:27:11","slug":"sommerlauf-edingen","status":"publish","type":"post","link":"https:\/\/laufkatrinlauf.de\/?p=3792","title":{"rendered":"Sommerlauf Edingen"},"content":{"rendered":"<p>Da der Sommerlauf praktisch um die Ecke stattfand, konnten wir gem\u00fctlich nach Edingen radeln.<br \/>\nIm Angebot waren: 10 km Hauptlauf, 3,6 km Einsteigerlauf, 7,5 km Nordic-\/Walking, 1,5 km Sch\u00fclerlauf und 0,8 km Bambinilauf &#8211; also f\u00fcr jeden etwas dabei.<br \/>\nDer Lauf war au\u00dferdem nach Ladenburg und Ilvesheim der Dritte zum Laufcup &#8222;Unterer Neckar&#8220;. An den beiden anderen L\u00e4ufen hatten wir jedoch nicht teilgenommen.<br \/>\nZum Sommerlauf gab es nat\u00fcrlich auch passendes Sommerwetter. 22\u00b0C waren bereits beim Start um 10 Uhr. Zum Gl\u00fcck halfen anfangs noch ein paar Wolken, die hei\u00dfen Sonnenstrahlen abzufangen. Aber ab der zweiten Runde war die Sonne dann doch st\u00e4rker.<br \/>\nGelaufen wurden drei Runden mit Start im Stadion, eine Stadionrunde und dann raus auf die Strecke.<br \/>\n<div id=\"attachment_3795\" style=\"width: 360px\" class=\"wp-caption aligncenter\"><a href=\"https:\/\/laufkatrinlauf.de\/wp-content\/uploads\/2018\/07\/2018-07-07_Strecke_Edingen.jpg\"><img loading=\"lazy\" decoding=\"async\" aria-describedby=\"caption-attachment-3795\" src=\"https:\/\/laufkatrinlauf.de\/wp-content\/uploads\/2018\/07\/2018-07-07_Strecke_Edingen.jpg\" alt=\"\" width=\"350\" height=\"312\" class=\"size-full wp-image-3795\" srcset=\"https:\/\/laufkatrinlauf.de\/wp-content\/uploads\/2018\/07\/2018-07-07_Strecke_Edingen.jpg 350w, https:\/\/laufkatrinlauf.de\/wp-content\/uploads\/2018\/07\/2018-07-07_Strecke_Edingen-300x267.jpg 300w\" sizes=\"auto, (max-width: 350px) 100vw, 350px\" \/><\/a><p id=\"caption-attachment-3795\" class=\"wp-caption-text\">Start und Ziel: Sport- und Freizeitzentrum Edingen-Neckarhausen<\/p><\/div><br \/>\nEine sch\u00f6ne Strecke, die auch bei drei Runden nicht langweilig wird.<br \/>\nDer Lauf war mein Tempotraining f\u00fcr diese Woche. Wenn ich bis September wieder meine alten Zeiten erreichen m\u00f6chte, muss ich endlich was tun. Wilhelmsfeld und Edingen waren sozusagen der Einstieg f\u00fcr die n\u00e4chsten Wochen Tempotraining. Ich bin gespannt, ob die Form genauso schnell wieder zunimmmt, wie sie abgefallen ist \ud83d\ude09<br \/>\nAber wieder zum Lauf: die W\u00e4rme war f\u00fcr alle anstregend, so dass nicht alle ihre geplanten Zeiten erreichen konnten. 144 von 151 schafften es ins Ziel.<br \/>\nIch k\u00e4mpfte, um unter 49 min zu bleiben und lief nach 48:36 \u00fcber die Zielgeraden.<br \/>\nObwohl langsamer als letztes Jahr, erreichte ich damit den zweiten Platz in meiner Altersklasse.<br \/>\n<div id=\"attachment_3791\" style=\"width: 635px\" class=\"wp-caption aligncenter\"><a href=\"https:\/\/laufkatrinlauf.de\/wp-content\/uploads\/2018\/07\/20180707_093543-e1530983077351.jpg\"><img loading=\"lazy\" decoding=\"async\" aria-describedby=\"caption-attachment-3791\" src=\"https:\/\/laufkatrinlauf.de\/wp-content\/uploads\/2018\/07\/20180707_093543-e1530983077351-1024x768.jpg\" alt=\"\" width=\"625\" height=\"469\" class=\"size-large wp-image-3791\" srcset=\"https:\/\/laufkatrinlauf.de\/wp-content\/uploads\/2018\/07\/20180707_093543-e1530983077351-1024x768.jpg 1024w, https:\/\/laufkatrinlauf.de\/wp-content\/uploads\/2018\/07\/20180707_093543-e1530983077351-300x225.jpg 300w, https:\/\/laufkatrinlauf.de\/wp-content\/uploads\/2018\/07\/20180707_093543-e1530983077351-768x576.jpg 768w, https:\/\/laufkatrinlauf.de\/wp-content\/uploads\/2018\/07\/20180707_093543-e1530983077351-624x468.jpg 624w\" sizes=\"auto, (max-width: 625px) 100vw, 625px\" \/><\/a><p id=\"caption-attachment-3791\" class=\"wp-caption-text\">Gemeinsam am Start beim Sommerlauf in Edingen<\/p><\/div><\/p>\n","protected":false},"excerpt":{"rendered":"<p>Da der Sommerlauf praktisch um die Ecke stattfand, konnten wir gem\u00fctlich nach Edingen radeln. Im Angebot waren: 10 km Hauptlauf, 3,6 km Einsteigerlauf, 7,5 km Nordic-\/Walking, 1,5 km Sch\u00fclerlauf und 0,8 km Bambinilauf &#8211; also f\u00fcr jeden etwas dabei. Der Lauf war au\u00dferdem nach Ladenburg und Ilvesheim der Dritte zum Laufcup &#8222;Unterer Neckar&#8220;. An den [&hellip;]<\/p>\n","protected":false},"author":1,"featured_media":0,"comment_status":"open","ping_status":"open","sticky":false,"template":"","format":"standard","meta":{"footnotes":""},"categories":[7],"tags":[10,12],"class_list":["post-3792","post","type-post","status-publish","format-standard","hentry","category-wettkampf-10-km","tag-10-km-lauf","tag-wettkampf"],"_links":{"self":[{"href":"https:\/\/laufkatrinlauf.de\/index.php?rest_route=\/wp\/v2\/posts\/3792","targetHints":{"allow":["GET"]}}],"collection":[{"href":"https:\/\/laufkatrinlauf.de\/index.php?rest_route=\/wp\/v2\/posts"}],"about":[{"href":"https:\/\/laufkatrinlauf.de\/index.php?rest_route=\/wp\/v2\/types\/post"}],"author":[{"embeddable":true,"href":"https:\/\/laufkatrinlauf.de\/index.php?rest_route=\/wp\/v2\/users\/1"}],"replies":[{"embeddable":true,"href":"https:\/\/laufkatrinlauf.de\/index.php?rest_route=%2Fwp%2Fv2%2Fcomments&post=3792"}],"version-history":[{"count":8,"href":"https:\/\/laufkatrinlauf.de\/index.php?rest_route=\/wp\/v2\/posts\/3792\/revisions"}],"predecessor-version":[{"id":3803,"href":"https:\/\/laufkatrinlauf.de\/index.php?rest_route=\/wp\/v2\/posts\/3792\/revisions\/3803"}],"wp:attachment":[{"href":"https:\/\/laufkatrinlauf.de\/index.php?rest_route=%2Fwp%2Fv2%2Fmedia&parent=3792"}],"wp:term":[{"taxonomy":"category","embeddable":true,"href":"https:\/\/laufkatrinlauf.de\/index.php?rest_route=%2Fwp%2Fv2%2Fcategories&post=3792"},{"taxonomy":"post_tag","embeddable":true,"href":"https:\/\/laufkatrinlauf.de\/index.php?rest_route=%2Fwp%2Fv2%2Ftags&post=3792"}],"curies":[{"name":"wp","href":"https:\/\/api.w.org\/{rel}","templated":true}]}}