{"id":3807,"date":"2018-08-12T14:48:49","date_gmt":"2018-08-12T12:48:49","guid":{"rendered":"http:\/\/laufkatrinlauf.de\/?p=3807"},"modified":"2018-08-12T20:14:42","modified_gmt":"2018-08-12T18:14:42","slug":"2-seen-lauf-um-den-afritzer-see-und-den-feldsee","status":"publish","type":"post","link":"https:\/\/laufkatrinlauf.de\/?p=3807","title":{"rendered":"Zwei Seen Lauf um den Afritzer See und den Feldsee"},"content":{"rendered":"<p><strong>Erster Urlaubslauf \ud83d\ude42<\/strong><br \/>\nAuf den Lauf hatte ich mich schon gefreut &#8211; rings um die beiden Seen, vorrangig im Wald, bergauf und bergab. Ganz mein Geschmack. Nachdem ich die letzten Wochen mit Intervallen endlich wieder an meinem Tempo gearbeitet hatte, war das Ziel heute nat\u00fcrlich, das Vorjahresergebnis zu unterbieten. Viel Zeit zum Bergtraining hatte ich vorher nicht, aber genutzt habe ich sie. Also hoffte ich, dass meine Beine sich bei den Steigungen nicht allzu sehr beschweren w\u00fcrden.<br \/>\n<a href=\"https:\/\/laufkatrinlauf.de\/wp-content\/uploads\/2018\/08\/2018-08-12_Profil.jpg\"><img loading=\"lazy\" decoding=\"async\" class=\"aligncenter size-large wp-image-3811\" src=\"https:\/\/laufkatrinlauf.de\/wp-content\/uploads\/2018\/08\/2018-08-12_Profil-1024x181.jpg\" alt=\"\" width=\"625\" height=\"110\" srcset=\"https:\/\/laufkatrinlauf.de\/wp-content\/uploads\/2018\/08\/2018-08-12_Profil-1024x181.jpg 1024w, https:\/\/laufkatrinlauf.de\/wp-content\/uploads\/2018\/08\/2018-08-12_Profil-300x53.jpg 300w, https:\/\/laufkatrinlauf.de\/wp-content\/uploads\/2018\/08\/2018-08-12_Profil-768x136.jpg 768w, https:\/\/laufkatrinlauf.de\/wp-content\/uploads\/2018\/08\/2018-08-12_Profil-624x110.jpg 624w, https:\/\/laufkatrinlauf.de\/wp-content\/uploads\/2018\/08\/2018-08-12_Profil.jpg 1114w\" sizes=\"auto, (max-width: 625px) 100vw, 625px\" \/><\/a><br \/>\nDie Teilnehmerzahl war wieder \u00fcbersichtlich, was es auf den teils engen Trails leichter machte. Nach dem Start am Afritzer Strandbad ging es bald steil nach oben. Es war eng und steinig, \u00fcberholen kaum m\u00f6glich. Danach ging es abwechselnd immer wieder bergauf und bergab. Nach ca. 3 km waren 3 Frauen vor mir. Die erste war schon bald davongelaufen, die anderen beiden waren immer in Sichtweite. Obwohl beide bergauf viel gingen, kam ich nicht an sie ran. Bergab waren beide recht stark, bei mir immer noch ein Schwachpunkt. Der Lauf forderte die volle Konzentration. Der Untergrund wechselte immer wieder: steinige Trails, nasse Wiesen, auch ein St\u00fcck Stra\u00dfe, dann wieder wurzel\u00fcberwachsene Wege und Schotter &#8230; also keine Langeweile unterwegs. Viele freundliche Helfer halfen uns an den Abzweigungen, auf dem richtigen Weg zu bleiben.<br \/>\nUnd das Beste kam zum Schluss: f\u00fcr alle L\u00e4ufer gab es freien Eintritt ins Strandbad. Nat\u00fcrlich nutzte ich diese Gelegenheit und tauchte gleich in Laufsachen in den abk\u00fchlenden See.<br \/>\nAuch in diesem Jahr kann ich diesen Lauf nur weiterempfehlen: gut organisiert, sehr sch\u00f6ne Strecke, viel Abwechslung.<br \/>\nAchso, das Ergebnis: die 3 Frauen blieben vor mir und in der Altersklasse wurde es der 2. Platz \ud83d\ude42 Mein Ziel habe ich ebenfalls erreicht &#8211; 2 min schneller als im letzten Jahr.<\/p>\n<div id=\"attachment_3813\" style=\"width: 635px\" class=\"wp-caption aligncenter\"><a href=\"https:\/\/laufkatrinlauf.de\/wp-content\/uploads\/2018\/08\/IMG_5584.jpg\"><img loading=\"lazy\" decoding=\"async\" aria-describedby=\"caption-attachment-3813\" class=\"size-large wp-image-3813\" src=\"https:\/\/laufkatrinlauf.de\/wp-content\/uploads\/2018\/08\/IMG_5584-1024x683.jpg\" alt=\"\" width=\"625\" height=\"417\" srcset=\"https:\/\/laufkatrinlauf.de\/wp-content\/uploads\/2018\/08\/IMG_5584-1024x683.jpg 1024w, https:\/\/laufkatrinlauf.de\/wp-content\/uploads\/2018\/08\/IMG_5584-300x200.jpg 300w, https:\/\/laufkatrinlauf.de\/wp-content\/uploads\/2018\/08\/IMG_5584-768x512.jpg 768w, https:\/\/laufkatrinlauf.de\/wp-content\/uploads\/2018\/08\/IMG_5584-624x416.jpg 624w\" sizes=\"auto, (max-width: 625px) 100vw, 625px\" \/><\/a><p id=\"caption-attachment-3813\" class=\"wp-caption-text\">Noch 1 km bis zum Ziel \ud83d\ude42<\/p><\/div>\n","protected":false},"excerpt":{"rendered":"<p>Erster Urlaubslauf \ud83d\ude42 Auf den Lauf hatte ich mich schon gefreut &#8211; rings um die beiden Seen, vorrangig im Wald, bergauf und bergab. Ganz mein Geschmack. Nachdem ich die letzten Wochen mit Intervallen endlich wieder an meinem Tempo gearbeitet hatte, war das Ziel heute nat\u00fcrlich, das Vorjahresergebnis zu unterbieten. Viel Zeit zum Bergtraining hatte ich [&hellip;]<\/p>\n","protected":false},"author":1,"featured_media":0,"comment_status":"open","ping_status":"open","sticky":false,"template":"","format":"standard","meta":{"footnotes":""},"categories":[16,37],"tags":[36,23],"class_list":["post-3807","post","type-post","status-publish","format-standard","hentry","category-berglauf","category-wettkampf","tag-berglauf","tag-traillauf"],"_links":{"self":[{"href":"https:\/\/laufkatrinlauf.de\/index.php?rest_route=\/wp\/v2\/posts\/3807","targetHints":{"allow":["GET"]}}],"collection":[{"href":"https:\/\/laufkatrinlauf.de\/index.php?rest_route=\/wp\/v2\/posts"}],"about":[{"href":"https:\/\/laufkatrinlauf.de\/index.php?rest_route=\/wp\/v2\/types\/post"}],"author":[{"embeddable":true,"href":"https:\/\/laufkatrinlauf.de\/index.php?rest_route=\/wp\/v2\/users\/1"}],"replies":[{"embeddable":true,"href":"https:\/\/laufkatrinlauf.de\/index.php?rest_route=%2Fwp%2Fv2%2Fcomments&post=3807"}],"version-history":[{"count":8,"href":"https:\/\/laufkatrinlauf.de\/index.php?rest_route=\/wp\/v2\/posts\/3807\/revisions"}],"predecessor-version":[{"id":3816,"href":"https:\/\/laufkatrinlauf.de\/index.php?rest_route=\/wp\/v2\/posts\/3807\/revisions\/3816"}],"wp:attachment":[{"href":"https:\/\/laufkatrinlauf.de\/index.php?rest_route=%2Fwp%2Fv2%2Fmedia&parent=3807"}],"wp:term":[{"taxonomy":"category","embeddable":true,"href":"https:\/\/laufkatrinlauf.de\/index.php?rest_route=%2Fwp%2Fv2%2Fcategories&post=3807"},{"taxonomy":"post_tag","embeddable":true,"href":"https:\/\/laufkatrinlauf.de\/index.php?rest_route=%2Fwp%2Fv2%2Ftags&post=3807"}],"curies":[{"name":"wp","href":"https:\/\/api.w.org\/{rel}","templated":true}]}}