{"id":3843,"date":"2018-09-15T16:58:37","date_gmt":"2018-09-15T14:58:37","guid":{"rendered":"http:\/\/laufkatrinlauf.de\/?p=3843"},"modified":"2018-09-15T18:26:00","modified_gmt":"2018-09-15T16:26:00","slug":"golfparklauf-st-leon-rot-3-laender-laufcup","status":"publish","type":"post","link":"https:\/\/laufkatrinlauf.de\/?p=3843","title":{"rendered":"Golfparklauf St. Leon-Rot \/ 3-L\u00e4nder-Laufcup"},"content":{"rendered":"<p>09. September 2018<br \/>\nNur eine Woche Abstand zum Lauf in Rheinau &#8230; Start beim 3-L\u00e4nder-Laufcups in St. Leon-Rot.<br \/>\nF\u00fcr mich war es heute der 3. Lauf in der Cupwertung.<br \/>\nSeit Mitte Juli hatte ich mein Training mit Intervallen intensiviert, um mein Tempo mal wieder anzukurbeln.<br \/>\nHeute wollte ich meine beste Zeit f\u00fcr dieses Jahr laufen.<br \/>\nDie Bedingungen war nicht schlecht, fr\u00fch 9 Uhr am Start war es noch angenehm k\u00fchl.<br \/>\nWieder einmal nahm ich mir vor, zun\u00e4chst verhaltener zu beginnen bis die Beine von selbst schneller wollen. Und endlich klappte es auch. Die ersten zwei Kilometer blieb ich bei 4:45, dann zog ich an. Schade, dass keiner da war, an den ich mich dranh\u00e4ngen konnte. Also k\u00e4mpfte ich f\u00fcr mich allein. Leider tr\u00e4umte ich dann bei km 6 und 7 vor mich hin und merkte zu sp\u00e4t, dass ich langsamer geworden war. 4:50 und 4:54 waren zu langsam, um unter 47 min zu kommen. Zwar erh\u00f6hte ich sofort das Tempo und konnte es von km zu km steigern, aber die 47 stand doch wieder vorn. Den letzten Kilometer war ich wieder an der Grenze gelaufen, schneller ging nicht mehr. Ein Schlusssprint sicherte mir den 2. Platz in meiner Ak mit 47:10. Ebenfalls den 2. erreichte ich in der Ak-Cupwertung. Die L\u00e4nderwertung verpasste ich jedoch und landete auf Platz 4. Schade, \u00fcber die Geldpr\u00e4mie hatte ich mich immer gefreut.<br \/>\n\u00dcber meine Renneinteilung freute ich mich jedoch &#8211; langsamer begonnen und der letzte Kilometer am schnellsten. Nur zwischendurch muss ich noch besser das Tempo halten.<br \/>\nAlso hei\u00dft es weiter flei\u00dfig Intervalle laufen und dabei an die Grenzen gehen.<br \/>\nEs gibt ja noch Chancen in diesem Jahr, schneller zu laufen \ud83d\ude09<br \/>\nAm 13.10. ist der n\u00e4chste Lauf zum engelhorn Cup, am 20.10. in Feudenheim dann der Abschluss des Laufcups. Also noch etwas Zeit zum Trainieren und vielleicht werde ich ja doch noch ein bisschen schneller.<br \/>\n<div id=\"attachment_3848\" style=\"width: 635px\" class=\"wp-caption aligncenter\"><a href=\"https:\/\/laufkatrinlauf.de\/wp-content\/uploads\/2018\/09\/20180909_Leon-Rot-011.jpg\"><img loading=\"lazy\" decoding=\"async\" aria-describedby=\"caption-attachment-3848\" src=\"https:\/\/laufkatrinlauf.de\/wp-content\/uploads\/2018\/09\/20180909_Leon-Rot-011-1024x768.jpg\" alt=\"\" width=\"625\" height=\"469\" class=\"size-large wp-image-3848\" srcset=\"https:\/\/laufkatrinlauf.de\/wp-content\/uploads\/2018\/09\/20180909_Leon-Rot-011-1024x768.jpg 1024w, https:\/\/laufkatrinlauf.de\/wp-content\/uploads\/2018\/09\/20180909_Leon-Rot-011-300x225.jpg 300w, https:\/\/laufkatrinlauf.de\/wp-content\/uploads\/2018\/09\/20180909_Leon-Rot-011-768x576.jpg 768w, https:\/\/laufkatrinlauf.de\/wp-content\/uploads\/2018\/09\/20180909_Leon-Rot-011-624x468.jpg 624w\" sizes=\"auto, (max-width: 625px) 100vw, 625px\" \/><\/a><p id=\"caption-attachment-3848\" class=\"wp-caption-text\">F\u00fcr die Tageswertung gab es einen Obsteimer, f\u00fcr die Cupwertung Honig aus der Region \ud83d\ude42<\/p><\/div><\/p>\n","protected":false},"excerpt":{"rendered":"<p>09. September 2018 Nur eine Woche Abstand zum Lauf in Rheinau &#8230; Start beim 3-L\u00e4nder-Laufcups in St. Leon-Rot. F\u00fcr mich war es heute der 3. Lauf in der Cupwertung. Seit Mitte Juli hatte ich mein Training mit Intervallen intensiviert, um mein Tempo mal wieder anzukurbeln. Heute wollte ich meine beste Zeit f\u00fcr dieses Jahr laufen. [&hellip;]<\/p>\n","protected":false},"author":1,"featured_media":0,"comment_status":"open","ping_status":"open","sticky":false,"template":"","format":"standard","meta":{"footnotes":""},"categories":[7],"tags":[10,24],"class_list":["post-3843","post","type-post","status-publish","format-standard","hentry","category-wettkampf-10-km","tag-10-km-lauf","tag-laufcup"],"_links":{"self":[{"href":"https:\/\/laufkatrinlauf.de\/index.php?rest_route=\/wp\/v2\/posts\/3843","targetHints":{"allow":["GET"]}}],"collection":[{"href":"https:\/\/laufkatrinlauf.de\/index.php?rest_route=\/wp\/v2\/posts"}],"about":[{"href":"https:\/\/laufkatrinlauf.de\/index.php?rest_route=\/wp\/v2\/types\/post"}],"author":[{"embeddable":true,"href":"https:\/\/laufkatrinlauf.de\/index.php?rest_route=\/wp\/v2\/users\/1"}],"replies":[{"embeddable":true,"href":"https:\/\/laufkatrinlauf.de\/index.php?rest_route=%2Fwp%2Fv2%2Fcomments&post=3843"}],"version-history":[{"count":6,"href":"https:\/\/laufkatrinlauf.de\/index.php?rest_route=\/wp\/v2\/posts\/3843\/revisions"}],"predecessor-version":[{"id":3849,"href":"https:\/\/laufkatrinlauf.de\/index.php?rest_route=\/wp\/v2\/posts\/3843\/revisions\/3849"}],"wp:attachment":[{"href":"https:\/\/laufkatrinlauf.de\/index.php?rest_route=%2Fwp%2Fv2%2Fmedia&parent=3843"}],"wp:term":[{"taxonomy":"category","embeddable":true,"href":"https:\/\/laufkatrinlauf.de\/index.php?rest_route=%2Fwp%2Fv2%2Fcategories&post=3843"},{"taxonomy":"post_tag","embeddable":true,"href":"https:\/\/laufkatrinlauf.de\/index.php?rest_route=%2Fwp%2Fv2%2Ftags&post=3843"}],"curies":[{"name":"wp","href":"https:\/\/api.w.org\/{rel}","templated":true}]}}