{"id":3962,"date":"2019-03-17T18:26:01","date_gmt":"2019-03-17T17:26:01","guid":{"rendered":"http:\/\/laufkatrinlauf.de\/?p=3962"},"modified":"2019-03-17T18:26:15","modified_gmt":"2019-03-17T17:26:15","slug":"bin-wieder-da-windiger-lauf-in-bruehl","status":"publish","type":"post","link":"https:\/\/laufkatrinlauf.de\/?p=3962","title":{"rendered":"Bin wieder da &#8211; windiger Lauf in Br\u00fchl"},"content":{"rendered":"<p>17. M\u00e4rz 2019<br \/>\nHeute war Start beim 13. Heini-Langlotz-Lauf in Br\u00fchl. Der erste 10er mal wieder nach einem halben Jahr. Da ich inmitten des Marathontrainings bin, war der Lauf vorgesehen als Formtest. Mein Ziel war, unter 47 min anzukommen.<br \/>\nDie Wettervorhersagen waren unsicher &#8230; windig sollte es werden, aber wann kommt der Regen? Wir hofften einfach, noch im Trockenen zu starten.<br \/>\nNach der langen Pause freute ich mich, mal wieder in das Wettkampfleben einzutauchen und viele bekannte Gesichter zu sehen. Die Stimmung war echt gut, es freuten sich wohl noch andere, mal wieder Gas geben zu k\u00f6nnen.<br \/>\nEs ging an den Start und der Wind blies fr\u00f6hlich weiter. Die erste H\u00e4lfte st\u00fcrmte er uns entgegen oder versuchte uns von der Seite aus der Bahn zu werfen. Es gelang mir nicht immer, mich im Windschatten anderer zu verstecken, ab und zu musste ich alleine k\u00e4mpfen. Aber es lief gut, der Blick auf die GARMIN lies mich l\u00e4cheln.<br \/>\nAuf den letzten Kilometern sollte der Wind uns unterst\u00fctzen und so hoffte ich, das Tempo weiter halten zu k\u00f6nnen.<br \/>\nBei km 7,5 konnten sich meine Beine und mein Bauch nicht mehr so richtig abstimmen. Kurzzeitig musste ich mit aufmerksamem Atmen versuchen, wieder ins Gleichgewicht zu kommen. Einen Kilometer weiter ging es wieder los. Aber ich wollte auf keinen Fall die gewonnene Zeit einfach so abgeben. Das gab mein Kopf nach unten auch so weiter.<br \/>\nSeitenstechen auf dem letzten Kilometer setzten dann meinem geplanten Schlusssprint eine Grenze. Aber Ziel ist Ziel und unter 47 wollte ich schon \u00fcber die Linie laufen. Mit 46:54 gelang es mir auch noch :))<br \/>\nUnd der Regen kam dann erst nach dem Auslaufen, also perfekt f\u00fcr uns \ud83d\ude42<br \/>\nEs hat mal wieder Spa\u00df gemacht, ein sch\u00f6ner Lauf und mit dem Ergebnis bin ich nat\u00fcrlich zufrieden. Das Jahr f\u00e4ngt ja erst an \ud83d\ude09<\/p>\n","protected":false},"excerpt":{"rendered":"<p>17. M\u00e4rz 2019 Heute war Start beim 13. Heini-Langlotz-Lauf in Br\u00fchl. Der erste 10er mal wieder nach einem halben Jahr. Da ich inmitten des Marathontrainings bin, war der Lauf vorgesehen als Formtest. Mein Ziel war, unter 47 min anzukommen. Die Wettervorhersagen waren unsicher &#8230; windig sollte es werden, aber wann kommt der Regen? Wir hofften [&hellip;]<\/p>\n","protected":false},"author":1,"featured_media":0,"comment_status":"open","ping_status":"open","sticky":false,"template":"","format":"standard","meta":{"footnotes":""},"categories":[7],"tags":[],"class_list":["post-3962","post","type-post","status-publish","format-standard","hentry","category-wettkampf-10-km"],"_links":{"self":[{"href":"https:\/\/laufkatrinlauf.de\/index.php?rest_route=\/wp\/v2\/posts\/3962","targetHints":{"allow":["GET"]}}],"collection":[{"href":"https:\/\/laufkatrinlauf.de\/index.php?rest_route=\/wp\/v2\/posts"}],"about":[{"href":"https:\/\/laufkatrinlauf.de\/index.php?rest_route=\/wp\/v2\/types\/post"}],"author":[{"embeddable":true,"href":"https:\/\/laufkatrinlauf.de\/index.php?rest_route=\/wp\/v2\/users\/1"}],"replies":[{"embeddable":true,"href":"https:\/\/laufkatrinlauf.de\/index.php?rest_route=%2Fwp%2Fv2%2Fcomments&post=3962"}],"version-history":[{"count":2,"href":"https:\/\/laufkatrinlauf.de\/index.php?rest_route=\/wp\/v2\/posts\/3962\/revisions"}],"predecessor-version":[{"id":3964,"href":"https:\/\/laufkatrinlauf.de\/index.php?rest_route=\/wp\/v2\/posts\/3962\/revisions\/3964"}],"wp:attachment":[{"href":"https:\/\/laufkatrinlauf.de\/index.php?rest_route=%2Fwp%2Fv2%2Fmedia&parent=3962"}],"wp:term":[{"taxonomy":"category","embeddable":true,"href":"https:\/\/laufkatrinlauf.de\/index.php?rest_route=%2Fwp%2Fv2%2Fcategories&post=3962"},{"taxonomy":"post_tag","embeddable":true,"href":"https:\/\/laufkatrinlauf.de\/index.php?rest_route=%2Fwp%2Fv2%2Ftags&post=3962"}],"curies":[{"name":"wp","href":"https:\/\/api.w.org\/{rel}","templated":true}]}}