{"id":4025,"date":"2019-08-17T16:26:38","date_gmt":"2019-08-17T14:26:38","guid":{"rendered":"http:\/\/laufkatrinlauf.de\/?p=4025"},"modified":"2019-08-17T16:28:14","modified_gmt":"2019-08-17T14:28:14","slug":"wahl-des-herbstmarathons","status":"publish","type":"post","link":"https:\/\/laufkatrinlauf.de\/?p=4025","title":{"rendered":"Wahl des Herbstmarathons"},"content":{"rendered":"\n<p>Inzwischen ist die Wahl f\u00fcr den zweiten Marathon in diesem Jahr auf den <a href=\"https:\/\/www.bottwartal-marathon.de\/seite\/411569\/wettbewerbe.html#Marathon\" target=\"_blank\" rel=\"noreferrer noopener\" aria-label=\"Bottwartal-Marathon (\u00f6ffnet in neuem Tab)\">Bottwartal-Marathon<\/a> gefallen. Bisher habe ich viel Gutes von dem Lauf an der Murr entlang geh\u00f6rt und die Startgeb\u00fchren sind auch moderat. Also bin ich mal gespannt. Die Strecke ist h\u00fcgelig, sollte also genau richtig f\u00fcr mich sein \ud83d\ude42<br>Anfang dieser Woche w\u00e4re mein 10-Wochen-Training losgegangen &#8230; aber erst mal muss leider die Erk\u00e4ltung gepflegt werden. Die Vorbereitungszeit wird dann eben etwas k\u00fcrzer. <\/p>\n","protected":false},"excerpt":{"rendered":"<p>Inzwischen ist die Wahl f\u00fcr den zweiten Marathon in diesem Jahr auf den Bottwartal-Marathon gefallen. Bisher habe ich viel Gutes von dem Lauf an der Murr entlang geh\u00f6rt und die Startgeb\u00fchren sind auch moderat. Also bin ich mal gespannt. Die Strecke ist h\u00fcgelig, sollte also genau richtig f\u00fcr mich sein \ud83d\ude42Anfang dieser Woche w\u00e4re mein [&hellip;]<\/p>\n","protected":false},"author":1,"featured_media":0,"comment_status":"open","ping_status":"open","sticky":false,"template":"","format":"standard","meta":{"footnotes":""},"categories":[1],"tags":[],"class_list":["post-4025","post","type-post","status-publish","format-standard","hentry","category-uncategorized"],"_links":{"self":[{"href":"https:\/\/laufkatrinlauf.de\/index.php?rest_route=\/wp\/v2\/posts\/4025","targetHints":{"allow":["GET"]}}],"collection":[{"href":"https:\/\/laufkatrinlauf.de\/index.php?rest_route=\/wp\/v2\/posts"}],"about":[{"href":"https:\/\/laufkatrinlauf.de\/index.php?rest_route=\/wp\/v2\/types\/post"}],"author":[{"embeddable":true,"href":"https:\/\/laufkatrinlauf.de\/index.php?rest_route=\/wp\/v2\/users\/1"}],"replies":[{"embeddable":true,"href":"https:\/\/laufkatrinlauf.de\/index.php?rest_route=%2Fwp%2Fv2%2Fcomments&post=4025"}],"version-history":[{"count":2,"href":"https:\/\/laufkatrinlauf.de\/index.php?rest_route=\/wp\/v2\/posts\/4025\/revisions"}],"predecessor-version":[{"id":4027,"href":"https:\/\/laufkatrinlauf.de\/index.php?rest_route=\/wp\/v2\/posts\/4025\/revisions\/4027"}],"wp:attachment":[{"href":"https:\/\/laufkatrinlauf.de\/index.php?rest_route=%2Fwp%2Fv2%2Fmedia&parent=4025"}],"wp:term":[{"taxonomy":"category","embeddable":true,"href":"https:\/\/laufkatrinlauf.de\/index.php?rest_route=%2Fwp%2Fv2%2Fcategories&post=4025"},{"taxonomy":"post_tag","embeddable":true,"href":"https:\/\/laufkatrinlauf.de\/index.php?rest_route=%2Fwp%2Fv2%2Ftags&post=4025"}],"curies":[{"name":"wp","href":"https:\/\/api.w.org\/{rel}","templated":true}]}}