{"id":4142,"date":"2021-01-29T10:02:17","date_gmt":"2021-01-29T09:02:17","guid":{"rendered":"http:\/\/laufkatrinlauf.de\/?p=4142"},"modified":"2021-01-29T10:02:18","modified_gmt":"2021-01-29T09:02:18","slug":"wie-war-das-laufjahr-2020","status":"publish","type":"post","link":"https:\/\/laufkatrinlauf.de\/?p=4142","title":{"rendered":"Wie war das Laufjahr 2020?"},"content":{"rendered":"\n<p>2020 war coronabedingt ein sehr ruhiges Wettkampfjahr. Ich nahm an einem einzigen &#8222;richtigen&#8220; Wettkampf &#8211; den Herbstlauf in Feudenheim &#8211; teil.<\/p>\n\n\n\n<p>Trotzdem sammelte ich mehr Laufkilometer als gedacht:<br><strong>Gesamtstrecke 2020: 2.099 km<\/strong><br><strong>Aktivit\u00e4ten: 192<\/strong><br><strong>Gesamtzeit der Aktivit\u00e4ten: 229 h<\/strong><br><br>Im Vergleich zu den Jahren davor gar nicht so schlecht:<\/p>\n\n\n\n<figure class=\"wp-block-table\"><table><tbody><tr><td><strong>Zeitraum<\/strong><\/td><td><strong>Aktivit\u00e4ten<\/strong><\/td><td><strong>Gesamtstrecke<\/strong><\/td><td><strong>Gesamtzeit<\/strong><\/td><td><strong>Pos. H\u00f6henunterschied<\/strong><\/td><\/tr><tr><td>2012<\/td><td>254<\/td><td>1.417,46 km<\/td><td>150 h<\/td><td>1.270 m<\/td><\/tr><tr><td>2013<\/td><td>264<\/td><td>2.377,37 km<\/td><td>255 h<\/td><td>14.779 m<\/td><\/tr><tr><td>2014<\/td><td>203<\/td><td>2.187,39 km<\/td><td>243 h<\/td><td>12.408 m<\/td><\/tr><tr><td>2015<\/td><td>201<\/td><td>2.385,21 km<\/td><td>258 h<\/td><td>14.283 m<\/td><\/tr><tr><td>2016<\/td><td>189<\/td><td>2.498,84 km<\/td><td>272 h<\/td><td>13.909 m<\/td><\/tr><tr><td>2017<\/td><td>201<\/td><td>2.047,99 km<\/td><td>229 h<\/td><td>9.738 m<\/td><\/tr><tr><td>2018<\/td><td>171<\/td><td>1.623,53 km<\/td><td>188 h<\/td><td>11.315 m<\/td><\/tr><tr><td>2019<\/td><td>202<\/td><td>2.097,37 km<\/td><td>236 h<\/td><td>13.919 m<\/td><\/tr><tr><td>2020<\/td><td>192<\/td><td>2.099,04 km<\/td><td>229 h<\/td><td>17.680 m<\/td><\/tr><tr><td><strong>Gesamt<\/strong><\/td><td><strong>1.892<\/strong><\/td><td><strong>18.892,42 km<\/strong><\/td><td><strong>2081 h<\/strong><\/td><td><strong>110.434 m<\/strong><\/td><\/tr><\/tbody><\/table><\/figure>\n","protected":false},"excerpt":{"rendered":"<p>2020 war coronabedingt ein sehr ruhiges Wettkampfjahr. Ich nahm an einem einzigen &#8222;richtigen&#8220; Wettkampf &#8211; den Herbstlauf in Feudenheim &#8211; teil. Trotzdem sammelte ich mehr Laufkilometer als gedacht:Gesamtstrecke 2020: 2.099 kmAktivit\u00e4ten: 192Gesamtzeit der Aktivit\u00e4ten: 229 h Im Vergleich zu den Jahren davor gar nicht so schlecht: Zeitraum Aktivit\u00e4ten Gesamtstrecke Gesamtzeit Pos. H\u00f6henunterschied 2012 254 1.417,46 [&hellip;]<\/p>\n","protected":false},"author":1,"featured_media":0,"comment_status":"closed","ping_status":"open","sticky":false,"template":"","format":"standard","meta":{"footnotes":""},"categories":[42,44],"tags":[],"class_list":["post-4142","post","type-post","status-publish","format-standard","hentry","category-jahresrueckblick","category-training"],"_links":{"self":[{"href":"https:\/\/laufkatrinlauf.de\/index.php?rest_route=\/wp\/v2\/posts\/4142","targetHints":{"allow":["GET"]}}],"collection":[{"href":"https:\/\/laufkatrinlauf.de\/index.php?rest_route=\/wp\/v2\/posts"}],"about":[{"href":"https:\/\/laufkatrinlauf.de\/index.php?rest_route=\/wp\/v2\/types\/post"}],"author":[{"embeddable":true,"href":"https:\/\/laufkatrinlauf.de\/index.php?rest_route=\/wp\/v2\/users\/1"}],"replies":[{"embeddable":true,"href":"https:\/\/laufkatrinlauf.de\/index.php?rest_route=%2Fwp%2Fv2%2Fcomments&post=4142"}],"version-history":[{"count":6,"href":"https:\/\/laufkatrinlauf.de\/index.php?rest_route=\/wp\/v2\/posts\/4142\/revisions"}],"predecessor-version":[{"id":4148,"href":"https:\/\/laufkatrinlauf.de\/index.php?rest_route=\/wp\/v2\/posts\/4142\/revisions\/4148"}],"wp:attachment":[{"href":"https:\/\/laufkatrinlauf.de\/index.php?rest_route=%2Fwp%2Fv2%2Fmedia&parent=4142"}],"wp:term":[{"taxonomy":"category","embeddable":true,"href":"https:\/\/laufkatrinlauf.de\/index.php?rest_route=%2Fwp%2Fv2%2Fcategories&post=4142"},{"taxonomy":"post_tag","embeddable":true,"href":"https:\/\/laufkatrinlauf.de\/index.php?rest_route=%2Fwp%2Fv2%2Ftags&post=4142"}],"curies":[{"name":"wp","href":"https:\/\/api.w.org\/{rel}","templated":true}]}}