{"id":4273,"date":"2022-05-15T16:50:00","date_gmt":"2022-05-15T14:50:00","guid":{"rendered":"https:\/\/laufkatrinlauf.de\/?p=4273"},"modified":"2022-06-05T16:52:51","modified_gmt":"2022-06-05T14:52:51","slug":"daemmerhalbmarathon-mannheim","status":"publish","type":"post","link":"https:\/\/laufkatrinlauf.de\/?p=4273","title":{"rendered":"D\u00e4mmer(halb)marathon Mannheim"},"content":{"rendered":"\n<p>Es blieben nur zwei Wochen Zeit zur Erholung, da ging es wieder an den Start.<br>Am 14.05.19:10 Uhr war der Startschuss f\u00fcr den Halbmarathon in Mannheim.<\/p>\n\n\n\n<figure class=\"wp-block-image size-large\"><a href=\"https:\/\/laufkatrinlauf.de\/wp-content\/uploads\/2022\/05\/2022-05-14-19.13.42-scaled.jpg\"><img loading=\"lazy\" decoding=\"async\" width=\"1024\" height=\"768\" src=\"https:\/\/laufkatrinlauf.de\/wp-content\/uploads\/2022\/05\/2022-05-14-19.13.42-1024x768.jpg\" alt=\"\" class=\"wp-image-4276\" srcset=\"https:\/\/laufkatrinlauf.de\/wp-content\/uploads\/2022\/05\/2022-05-14-19.13.42-1024x768.jpg 1024w, https:\/\/laufkatrinlauf.de\/wp-content\/uploads\/2022\/05\/2022-05-14-19.13.42-300x225.jpg 300w, https:\/\/laufkatrinlauf.de\/wp-content\/uploads\/2022\/05\/2022-05-14-19.13.42-768x576.jpg 768w, https:\/\/laufkatrinlauf.de\/wp-content\/uploads\/2022\/05\/2022-05-14-19.13.42-1536x1152.jpg 1536w, https:\/\/laufkatrinlauf.de\/wp-content\/uploads\/2022\/05\/2022-05-14-19.13.42-2048x1536.jpg 2048w, https:\/\/laufkatrinlauf.de\/wp-content\/uploads\/2022\/05\/2022-05-14-19.13.42-624x468.jpg 624w\" sizes=\"auto, (max-width: 1024px) 100vw, 1024px\" \/><\/a><\/figure>\n\n\n\n<p>Wir freuten uns schon auf den Streckenteil durch Seckenheim &#8211; da wird man immer wieder von der super Stimmung mitgetragen. Nachdem es lange unsicher war, ob der Lauf \u00fcberhaupt stattfinden kann, freuten wir uns umso mehr auf die Strecke. Obwohl wir so sp\u00e4t starteten, war es noch viel zu warm. Trotzdem war es sch\u00f6n, wieder einmal auf der Heimstrecke unterwegs zu sein.  In Seggene gab es viele bekannte Gesichter, also viel Unterst\u00fctzung \ud83d\ude42<\/p>\n\n\n\n<figure class=\"wp-block-image size-large\"><a href=\"https:\/\/laufkatrinlauf.de\/wp-content\/uploads\/2022\/05\/2022-05-14-19.12.26-scaled.jpg\"><img loading=\"lazy\" decoding=\"async\" width=\"1024\" height=\"768\" src=\"https:\/\/laufkatrinlauf.de\/wp-content\/uploads\/2022\/05\/2022-05-14-19.12.26-1024x768.jpg\" alt=\"\" class=\"wp-image-4275\" srcset=\"https:\/\/laufkatrinlauf.de\/wp-content\/uploads\/2022\/05\/2022-05-14-19.12.26-1024x768.jpg 1024w, https:\/\/laufkatrinlauf.de\/wp-content\/uploads\/2022\/05\/2022-05-14-19.12.26-300x225.jpg 300w, https:\/\/laufkatrinlauf.de\/wp-content\/uploads\/2022\/05\/2022-05-14-19.12.26-768x576.jpg 768w, https:\/\/laufkatrinlauf.de\/wp-content\/uploads\/2022\/05\/2022-05-14-19.12.26-1536x1152.jpg 1536w, https:\/\/laufkatrinlauf.de\/wp-content\/uploads\/2022\/05\/2022-05-14-19.12.26-2048x1536.jpg 2048w, https:\/\/laufkatrinlauf.de\/wp-content\/uploads\/2022\/05\/2022-05-14-19.12.26-624x468.jpg 624w\" sizes=\"auto, (max-width: 1024px) 100vw, 1024px\" \/><\/a><\/figure>\n","protected":false},"excerpt":{"rendered":"<p>Es blieben nur zwei Wochen Zeit zur Erholung, da ging es wieder an den Start.Am 14.05.19:10 Uhr war der Startschuss f\u00fcr den Halbmarathon in Mannheim. Wir freuten uns schon auf den Streckenteil durch Seckenheim &#8211; da wird man immer wieder von der super Stimmung mitgetragen. Nachdem es lange unsicher war, ob der Lauf \u00fcberhaupt stattfinden [&hellip;]<\/p>\n","protected":false},"author":1,"featured_media":0,"comment_status":"closed","ping_status":"open","sticky":false,"template":"","format":"standard","meta":{"footnotes":""},"categories":[8,37],"tags":[34,12],"class_list":["post-4273","post","type-post","status-publish","format-standard","hentry","category-halbmarathon","category-wettkampf","tag-halbmarathon","tag-wettkampf"],"_links":{"self":[{"href":"https:\/\/laufkatrinlauf.de\/index.php?rest_route=\/wp\/v2\/posts\/4273","targetHints":{"allow":["GET"]}}],"collection":[{"href":"https:\/\/laufkatrinlauf.de\/index.php?rest_route=\/wp\/v2\/posts"}],"about":[{"href":"https:\/\/laufkatrinlauf.de\/index.php?rest_route=\/wp\/v2\/types\/post"}],"author":[{"embeddable":true,"href":"https:\/\/laufkatrinlauf.de\/index.php?rest_route=\/wp\/v2\/users\/1"}],"replies":[{"embeddable":true,"href":"https:\/\/laufkatrinlauf.de\/index.php?rest_route=%2Fwp%2Fv2%2Fcomments&post=4273"}],"version-history":[{"count":5,"href":"https:\/\/laufkatrinlauf.de\/index.php?rest_route=\/wp\/v2\/posts\/4273\/revisions"}],"predecessor-version":[{"id":4287,"href":"https:\/\/laufkatrinlauf.de\/index.php?rest_route=\/wp\/v2\/posts\/4273\/revisions\/4287"}],"wp:attachment":[{"href":"https:\/\/laufkatrinlauf.de\/index.php?rest_route=%2Fwp%2Fv2%2Fmedia&parent=4273"}],"wp:term":[{"taxonomy":"category","embeddable":true,"href":"https:\/\/laufkatrinlauf.de\/index.php?rest_route=%2Fwp%2Fv2%2Fcategories&post=4273"},{"taxonomy":"post_tag","embeddable":true,"href":"https:\/\/laufkatrinlauf.de\/index.php?rest_route=%2Fwp%2Fv2%2Ftags&post=4273"}],"curies":[{"name":"wp","href":"https:\/\/api.w.org\/{rel}","templated":true}]}}