{"id":4315,"date":"2023-12-31T15:14:00","date_gmt":"2023-12-31T14:14:00","guid":{"rendered":"https:\/\/laufkatrinlauf.de\/?p=4315"},"modified":"2024-07-26T17:34:24","modified_gmt":"2024-07-26T15:34:24","slug":"das-jahr-2023","status":"publish","type":"post","link":"https:\/\/laufkatrinlauf.de\/?p=4315","title":{"rendered":"Das Jahr 2023"},"content":{"rendered":"\n<p>Die website war &#8222;kaputt&#8220;, daher nur ein kurzer Nachtrag f\u00fcr 2023:<\/p>\n\n\n\n<p>Das Laufjahr 2023 startete erst im M\u00e4rz mit dem Halbmarathon beim Bienwaldmarathon in Kandel. Mit 1h 53min war ich allerdings nicht so ganz zufrieden.<br>Der n\u00e4chste Halbmarathon folgte am 23. April in Heidelberg &#8211; ein toller Lauf, mit viel Abwechslung auf der Strecke.<br>Meinen diesj\u00e4hrigen Marathon lief ich am Rennsteig, nach wie vor ein toller Lauf. Im Ziel war ich erst nach 4h 53min, irgendwie fehlte mir die Motivation, mich mehr zu qu\u00e4len. Das Alter? Jedenfalls bekomme ich das st\u00e4ndig zu h\u00f6ren &#8230; oder auch, dass ich noch immer nicht mein Vor-Corona-Gewicht zur\u00fcck hatte.<br>Im Juni war f\u00fcr mich der erste Lauf zum Engelhorn-Cup in Sandhofen. Die 10 km lief ich in 50 min, eigentlich wollte ich darunter bleiben, schade.<br>Im Herbst folgenden die n\u00e4chsten Cup-L\u00e4ufe. Ende August hatte ich es endlich geschafft, mein &#8222;Lieblingsgewicht&#8220; wieder zu erreichen. Und siehe da, beim Stra\u00dfenlauf in Rheinau entsprach die Zeit schon eher meinen Vorstellungen. Mit 48:18 min war ich endlich mal wieder zufrieden. Geht doch! Auch die Motivation war zur\u00fcck \ud83d\ude42<br>In Mutterstadt schaffte ich die 10 km in 49 min und beim Gem\u00fcselauf in Maxdorf lief ich nach 47:30 min ins Ziel, na also, von wegen Alter \ud83d\ude09<br>Lauf-Abschluss des Jahres war der 1. Lauf bei der Winterlaufserie in Rheinzabern, nach 48:29 min und 10 km kam ich hier ins Ziel.<\/p>\n\n\n\n<p><\/p>\n\n\n\n<p><\/p>\n","protected":false},"excerpt":{"rendered":"<p>Die website war &#8222;kaputt&#8220;, daher nur ein kurzer Nachtrag f\u00fcr 2023: Das Laufjahr 2023 startete erst im M\u00e4rz mit dem Halbmarathon beim Bienwaldmarathon in Kandel. Mit 1h 53min war ich allerdings nicht so ganz zufrieden.Der n\u00e4chste Halbmarathon folgte am 23. April in Heidelberg &#8211; ein toller Lauf, mit viel Abwechslung auf der Strecke.Meinen diesj\u00e4hrigen Marathon [&hellip;]<\/p>\n","protected":false},"author":1,"featured_media":0,"comment_status":"closed","ping_status":"open","sticky":false,"template":"","format":"standard","meta":{"footnotes":""},"categories":[8,33,7],"tags":[10,34,6,12],"class_list":["post-4315","post","type-post","status-publish","format-standard","hentry","category-halbmarathon","category-marathon","category-wettkampf-10-km","tag-10-km-lauf","tag-halbmarathon","tag-marathon","tag-wettkampf"],"_links":{"self":[{"href":"https:\/\/laufkatrinlauf.de\/index.php?rest_route=\/wp\/v2\/posts\/4315","targetHints":{"allow":["GET"]}}],"collection":[{"href":"https:\/\/laufkatrinlauf.de\/index.php?rest_route=\/wp\/v2\/posts"}],"about":[{"href":"https:\/\/laufkatrinlauf.de\/index.php?rest_route=\/wp\/v2\/types\/post"}],"author":[{"embeddable":true,"href":"https:\/\/laufkatrinlauf.de\/index.php?rest_route=\/wp\/v2\/users\/1"}],"replies":[{"embeddable":true,"href":"https:\/\/laufkatrinlauf.de\/index.php?rest_route=%2Fwp%2Fv2%2Fcomments&post=4315"}],"version-history":[{"count":2,"href":"https:\/\/laufkatrinlauf.de\/index.php?rest_route=\/wp\/v2\/posts\/4315\/revisions"}],"predecessor-version":[{"id":4349,"href":"https:\/\/laufkatrinlauf.de\/index.php?rest_route=\/wp\/v2\/posts\/4315\/revisions\/4349"}],"wp:attachment":[{"href":"https:\/\/laufkatrinlauf.de\/index.php?rest_route=%2Fwp%2Fv2%2Fmedia&parent=4315"}],"wp:term":[{"taxonomy":"category","embeddable":true,"href":"https:\/\/laufkatrinlauf.de\/index.php?rest_route=%2Fwp%2Fv2%2Fcategories&post=4315"},{"taxonomy":"post_tag","embeddable":true,"href":"https:\/\/laufkatrinlauf.de\/index.php?rest_route=%2Fwp%2Fv2%2Ftags&post=4315"}],"curies":[{"name":"wp","href":"https:\/\/api.w.org\/{rel}","templated":true}]}}