{"id":4317,"date":"2024-02-11T20:03:00","date_gmt":"2024-02-11T19:03:00","guid":{"rendered":"https:\/\/laufkatrinlauf.de\/?p=4317"},"modified":"2024-07-25T16:33:28","modified_gmt":"2024-07-25T14:33:28","slug":"winterlaufserie-rheinzabern-2023-2024","status":"publish","type":"post","link":"https:\/\/laufkatrinlauf.de\/?p=4317","title":{"rendered":"Winterlaufserie Rheinzabern 2023\/2024"},"content":{"rendered":"\n<p>Start der Winterlaufserie war im Dezember 2023 mit 10 km. Am 14.01.2024 folgte der 2. Lauf mit 15 km und am 11.02.2024 der 3. Lauf mit 20 km.<\/p>\n\n\n\n<p>Die Winterlaufserie war f\u00fcr mich zugleich der Start in die neue Altersklasse W60. In der W60 starten deutlich weniger Frauen als in der W50 &#8211; f\u00fcr mich also gr\u00f6\u00dfere Chancen \ud83d\ude09<\/p>\n\n\n\n<figure class=\"wp-block-image size-large\"><a href=\"https:\/\/laufkatrinlauf.de\/wp-content\/uploads\/2024\/07\/20240114_092947-scaled-e1721914917616.jpg\"><img loading=\"lazy\" decoding=\"async\" width=\"1003\" height=\"1024\" src=\"https:\/\/laufkatrinlauf.de\/wp-content\/uploads\/2024\/07\/20240114_092947-scaled-e1721914917616-1003x1024.jpg\" alt=\"\" class=\"wp-image-4319\" srcset=\"https:\/\/laufkatrinlauf.de\/wp-content\/uploads\/2024\/07\/20240114_092947-scaled-e1721914917616-1003x1024.jpg 1003w, https:\/\/laufkatrinlauf.de\/wp-content\/uploads\/2024\/07\/20240114_092947-scaled-e1721914917616-294x300.jpg 294w, https:\/\/laufkatrinlauf.de\/wp-content\/uploads\/2024\/07\/20240114_092947-scaled-e1721914917616-768x784.jpg 768w, https:\/\/laufkatrinlauf.de\/wp-content\/uploads\/2024\/07\/20240114_092947-scaled-e1721914917616-1504x1536.jpg 1504w, https:\/\/laufkatrinlauf.de\/wp-content\/uploads\/2024\/07\/20240114_092947-scaled-e1721914917616-624x637.jpg 624w, https:\/\/laufkatrinlauf.de\/wp-content\/uploads\/2024\/07\/20240114_092947-scaled-e1721914917616.jpg 1604w\" sizes=\"auto, (max-width: 1003px) 100vw, 1003px\" \/><\/a><figcaption class=\"wp-element-caption\">Start beim 2. Lauf der Winterlaufserie in Rheinzabern<\/figcaption><\/figure>\n\n\n\n<p>Wie man sieht, war es recht kalt. Bei -4\u00b0C machten wir uns auf die Strecke. Auf dem offenen Feld war es noch dazu recht windig. Da half nur, schnell zu laufen, um unter die warme Dusche zu kommen. Nach 1h 14min konnte ich mich auf warmen Tee und die Dusche freuen \ud83d\ude42<\/p>\n\n\n\n<p>Beim letzten Start der Laufserie \u00fcber 20 km gab es zum Gl\u00fcck angenehmere Temperaturen. Bei ca. 8\u00b0C gingen wir auf die Strecke. Teilweise gab es aber wieder starken Gegenwind. Die 15 km hatte ich mit einem gleichm\u00e4\u00dfigen Tempo geschafft, dieses Mal klappte es jedoch nicht ganz so gut. Nach 17 km wurde ich deutlich langsamer, die Beine wurden immer schwerer. Das Ziel erreichte ich dann nach 1h 43 min.<\/p>\n\n\n\n<p>Meine Gesamtzeit bei der Winterlaufserie: 3:46:25<br>1. Lauf: 1. AK<br>2. Lauf: 2. AK<br>3. Lauf: 1. AK<br>Gesamtwertung: 1. AK<br>&#8230; wenn das nicht motiviert \ud83d\ude42<\/p>\n\n\n\n<p><br><\/p>\n\n\n\n<p><\/p>\n","protected":false},"excerpt":{"rendered":"<p>Start der Winterlaufserie war im Dezember 2023 mit 10 km. Am 14.01.2024 folgte der 2. Lauf mit 15 km und am 11.02.2024 der 3. Lauf mit 20 km. Die Winterlaufserie war f\u00fcr mich zugleich der Start in die neue Altersklasse W60. In der W60 starten deutlich weniger Frauen als in der W50 &#8211; f\u00fcr mich [&hellip;]<\/p>\n","protected":false},"author":1,"featured_media":0,"comment_status":"closed","ping_status":"open","sticky":false,"template":"","format":"standard","meta":{"footnotes":""},"categories":[67,39],"tags":[68,24,12],"class_list":["post-4317","post","type-post","status-publish","format-standard","hentry","category-laufcup","category-wettkampf-15-km","tag-20-km","tag-laufcup","tag-wettkampf"],"_links":{"self":[{"href":"https:\/\/laufkatrinlauf.de\/index.php?rest_route=\/wp\/v2\/posts\/4317","targetHints":{"allow":["GET"]}}],"collection":[{"href":"https:\/\/laufkatrinlauf.de\/index.php?rest_route=\/wp\/v2\/posts"}],"about":[{"href":"https:\/\/laufkatrinlauf.de\/index.php?rest_route=\/wp\/v2\/types\/post"}],"author":[{"embeddable":true,"href":"https:\/\/laufkatrinlauf.de\/index.php?rest_route=\/wp\/v2\/users\/1"}],"replies":[{"embeddable":true,"href":"https:\/\/laufkatrinlauf.de\/index.php?rest_route=%2Fwp%2Fv2%2Fcomments&post=4317"}],"version-history":[{"count":7,"href":"https:\/\/laufkatrinlauf.de\/index.php?rest_route=\/wp\/v2\/posts\/4317\/revisions"}],"predecessor-version":[{"id":4332,"href":"https:\/\/laufkatrinlauf.de\/index.php?rest_route=\/wp\/v2\/posts\/4317\/revisions\/4332"}],"wp:attachment":[{"href":"https:\/\/laufkatrinlauf.de\/index.php?rest_route=%2Fwp%2Fv2%2Fmedia&parent=4317"}],"wp:term":[{"taxonomy":"category","embeddable":true,"href":"https:\/\/laufkatrinlauf.de\/index.php?rest_route=%2Fwp%2Fv2%2Fcategories&post=4317"},{"taxonomy":"post_tag","embeddable":true,"href":"https:\/\/laufkatrinlauf.de\/index.php?rest_route=%2Fwp%2Fv2%2Ftags&post=4317"}],"curies":[{"name":"wp","href":"https:\/\/api.w.org\/{rel}","templated":true}]}}