{"id":4335,"date":"2024-04-07T20:23:00","date_gmt":"2024-04-07T18:23:00","guid":{"rendered":"https:\/\/laufkatrinlauf.de\/?p=4335"},"modified":"2024-07-25T17:30:41","modified_gmt":"2024-07-25T15:30:41","slug":"marathon-dt-weinstrasse-am-07-april-2024","status":"publish","type":"post","link":"https:\/\/laufkatrinlauf.de\/?p=4335","title":{"rendered":"Marathon Dt. Weinstra\u00dfe am 07. April 2024"},"content":{"rendered":"\n<p>Mein 20. Marathon \ud83d\ude42<\/p>\n\n\n\n<figure class=\"wp-block-image size-large is-resized\"><a href=\"https:\/\/laufkatrinlauf.de\/wp-content\/uploads\/2024\/07\/20240407_093240-scaled-e1721919335766.jpg\"><img loading=\"lazy\" decoding=\"async\" width=\"720\" height=\"1024\" src=\"https:\/\/laufkatrinlauf.de\/wp-content\/uploads\/2024\/07\/20240407_093240-scaled-e1721919335766-720x1024.jpg\" alt=\"\" class=\"wp-image-4324\" style=\"width:461px;height:auto\" srcset=\"https:\/\/laufkatrinlauf.de\/wp-content\/uploads\/2024\/07\/20240407_093240-scaled-e1721919335766-720x1024.jpg 720w, https:\/\/laufkatrinlauf.de\/wp-content\/uploads\/2024\/07\/20240407_093240-scaled-e1721919335766-211x300.jpg 211w, https:\/\/laufkatrinlauf.de\/wp-content\/uploads\/2024\/07\/20240407_093240-scaled-e1721919335766-768x1092.jpg 768w, https:\/\/laufkatrinlauf.de\/wp-content\/uploads\/2024\/07\/20240407_093240-scaled-e1721919335766-1080x1536.jpg 1080w, https:\/\/laufkatrinlauf.de\/wp-content\/uploads\/2024\/07\/20240407_093240-scaled-e1721919335766-624x887.jpg 624w, https:\/\/laufkatrinlauf.de\/wp-content\/uploads\/2024\/07\/20240407_093240-scaled-e1721919335766.jpg 1365w\" sizes=\"auto, (max-width: 720px) 100vw, 720px\" \/><\/a><figcaption class=\"wp-element-caption\">Vor dem Marathon-Start Dt. Weinstra\u00dfe in Bockenheim<\/figcaption><\/figure>\n\n\n\n<p>Bestes Wetter beim Start und gute Laune &#8211; Marathon Dt. Weinstra\u00dfe mit Halbmarathon, Duo-Marathon und nat\u00fcrlich Marathon. Gemeinsam starteten wir in Bockenheim an der Weinstra\u00dfe, liefen durch Weind\u00f6rfer, das Weinbaugebiet und bew\u00e4ltigten schon einige H\u00f6henmeter. Bei ca.15 km erreichten wir den h\u00f6chsten Punkt der Strecke. In Bad D\u00fcrkheim ging es an der Saline vorbei und dann durch die Felder bis zum &#8222;Wendepunkt&#8220;. Weiter ging es bergauf und bergab und jede Steigung f\u00fchlte sich schwerer an. <\/p>\n\n\n\n<figure class=\"wp-block-image size-large is-resized\"><a href=\"https:\/\/laufkatrinlauf.de\/wp-content\/uploads\/2024\/07\/WhatsApp-Image-2024-04-07-at-12.28.43-1.jpeg\"><img loading=\"lazy\" decoding=\"async\" width=\"768\" height=\"1024\" src=\"https:\/\/laufkatrinlauf.de\/wp-content\/uploads\/2024\/07\/WhatsApp-Image-2024-04-07-at-12.28.43-1-768x1024.jpeg\" alt=\"\" class=\"wp-image-4328\" style=\"width:377px;height:auto\" srcset=\"https:\/\/laufkatrinlauf.de\/wp-content\/uploads\/2024\/07\/WhatsApp-Image-2024-04-07-at-12.28.43-1-768x1024.jpeg 768w, https:\/\/laufkatrinlauf.de\/wp-content\/uploads\/2024\/07\/WhatsApp-Image-2024-04-07-at-12.28.43-1-225x300.jpeg 225w, https:\/\/laufkatrinlauf.de\/wp-content\/uploads\/2024\/07\/WhatsApp-Image-2024-04-07-at-12.28.43-1-1152x1536.jpeg 1152w, https:\/\/laufkatrinlauf.de\/wp-content\/uploads\/2024\/07\/WhatsApp-Image-2024-04-07-at-12.28.43-1-624x832.jpeg 624w, https:\/\/laufkatrinlauf.de\/wp-content\/uploads\/2024\/07\/WhatsApp-Image-2024-04-07-at-12.28.43-1.jpeg 1536w\" sizes=\"auto, (max-width: 768px) 100vw, 768px\" \/><\/a><figcaption class=\"wp-element-caption\">Verpflegungspause, blo\u00df kein Stress<\/figcaption><\/figure>\n\n\n\n<p>Die zunehmende W\u00e4rme machte es in der zweiten H\u00e4lfte noch schwerer, die Motivation war irgendwann im Keller, die Beine wollten nicht mehr weiter. An jeder Wasserstation machte ich Halt, aber der Durst kam schnell zur\u00fcck. Mein Ziel, die Zeiten der letzten Male, zumindest aber unter 4:30 h zu laufen, schaffte ich nicht ganz.<br>Mit 4h 33min war ich dennoch zufrieden. Ohne wirklich lange L\u00e4ufe in der Vorbereitung und f\u00fcr die Hitze war die Zeit okay. Dank der Altersklasse kam ich sogar auf den 2. Platz der Ak und konnte mir einen Preis abholen \ud83d\ude42<\/p>\n\n\n\n<figure class=\"wp-block-image size-large\"><a href=\"https:\/\/laufkatrinlauf.de\/wp-content\/uploads\/2024\/07\/20240407_154824-scaled.jpg\"><img loading=\"lazy\" decoding=\"async\" width=\"1024\" height=\"768\" src=\"https:\/\/laufkatrinlauf.de\/wp-content\/uploads\/2024\/07\/20240407_154824-1024x768.jpg\" alt=\"\" class=\"wp-image-4326\" srcset=\"https:\/\/laufkatrinlauf.de\/wp-content\/uploads\/2024\/07\/20240407_154824-1024x768.jpg 1024w, https:\/\/laufkatrinlauf.de\/wp-content\/uploads\/2024\/07\/20240407_154824-300x225.jpg 300w, https:\/\/laufkatrinlauf.de\/wp-content\/uploads\/2024\/07\/20240407_154824-768x576.jpg 768w, https:\/\/laufkatrinlauf.de\/wp-content\/uploads\/2024\/07\/20240407_154824-1536x1152.jpg 1536w, https:\/\/laufkatrinlauf.de\/wp-content\/uploads\/2024\/07\/20240407_154824-2048x1536.jpg 2048w, https:\/\/laufkatrinlauf.de\/wp-content\/uploads\/2024\/07\/20240407_154824-624x468.jpg 624w\" sizes=\"auto, (max-width: 1024px) 100vw, 1024px\" \/><\/a><figcaption class=\"wp-element-caption\">Wir haben es geschafft \ud83d\ude42<\/figcaption><\/figure>\n\n\n\n<p><\/p>\n","protected":false},"excerpt":{"rendered":"<p>Mein 20. Marathon \ud83d\ude42 Bestes Wetter beim Start und gute Laune &#8211; Marathon Dt. Weinstra\u00dfe mit Halbmarathon, Duo-Marathon und nat\u00fcrlich Marathon. Gemeinsam starteten wir in Bockenheim an der Weinstra\u00dfe, liefen durch Weind\u00f6rfer, das Weinbaugebiet und bew\u00e4ltigten schon einige H\u00f6henmeter. Bei ca.15 km erreichten wir den h\u00f6chsten Punkt der Strecke. In Bad D\u00fcrkheim ging es an [&hellip;]<\/p>\n","protected":false},"author":1,"featured_media":0,"comment_status":"closed","ping_status":"open","sticky":false,"template":"","format":"standard","meta":{"footnotes":""},"categories":[33],"tags":[6,12],"class_list":["post-4335","post","type-post","status-publish","format-standard","hentry","category-marathon","tag-marathon","tag-wettkampf"],"_links":{"self":[{"href":"https:\/\/laufkatrinlauf.de\/index.php?rest_route=\/wp\/v2\/posts\/4335","targetHints":{"allow":["GET"]}}],"collection":[{"href":"https:\/\/laufkatrinlauf.de\/index.php?rest_route=\/wp\/v2\/posts"}],"about":[{"href":"https:\/\/laufkatrinlauf.de\/index.php?rest_route=\/wp\/v2\/types\/post"}],"author":[{"embeddable":true,"href":"https:\/\/laufkatrinlauf.de\/index.php?rest_route=\/wp\/v2\/users\/1"}],"replies":[{"embeddable":true,"href":"https:\/\/laufkatrinlauf.de\/index.php?rest_route=%2Fwp%2Fv2%2Fcomments&post=4335"}],"version-history":[{"count":4,"href":"https:\/\/laufkatrinlauf.de\/index.php?rest_route=\/wp\/v2\/posts\/4335\/revisions"}],"predecessor-version":[{"id":4339,"href":"https:\/\/laufkatrinlauf.de\/index.php?rest_route=\/wp\/v2\/posts\/4335\/revisions\/4339"}],"wp:attachment":[{"href":"https:\/\/laufkatrinlauf.de\/index.php?rest_route=%2Fwp%2Fv2%2Fmedia&parent=4335"}],"wp:term":[{"taxonomy":"category","embeddable":true,"href":"https:\/\/laufkatrinlauf.de\/index.php?rest_route=%2Fwp%2Fv2%2Fcategories&post=4335"},{"taxonomy":"post_tag","embeddable":true,"href":"https:\/\/laufkatrinlauf.de\/index.php?rest_route=%2Fwp%2Fv2%2Ftags&post=4335"}],"curies":[{"name":"wp","href":"https:\/\/api.w.org\/{rel}","templated":true}]}}