{"id":515,"date":"2013-05-05T15:04:56","date_gmt":"2013-05-05T13:04:56","guid":{"rendered":"http:\/\/laufkatrinlauf.de\/?p=515"},"modified":"2013-11-25T14:40:40","modified_gmt":"2013-11-25T13:40:40","slug":"05-05-2013-erster-testlauf-nach-dem-marathon","status":"publish","type":"post","link":"https:\/\/laufkatrinlauf.de\/?p=515","title":{"rendered":"05.05.2013 Erster Testlauf nach dem Marathon"},"content":{"rendered":"<p><em><strong>Lauf am Limit<\/strong><br \/>\nDiese Woche war das Training aufgrund des Marathons noch immer etwas gem\u00fctlicher, aber heute waren wir in St. Leon-Rot zum Fr\u00fchlingslauf \u00fcber 10 km, man kann ja nicht nur ausruhen. \ud83d\ude09 Ich hatte gelesen, dass man bis zwei Wochen nach einem Marathon gute Wettkampfresultate erreichen k\u00f6nnte und wollte es nun genau wissen. Nat\u00fcrlich hatte ich auch vor, wieder meine Bestzeit zu verbessern, klar, was sonst \ud83d\ude42 Vor dem Lauf war ich irgendwie mehr aufgeregt als bei den letzten 10er-L\u00e4ufen. Ziel zu hoch gesteckt?<br \/>\nDer Startschuss kam dann etwas \u00fcberraschend, hatte die Ank\u00fcndigung nicht geh\u00f6rt. Und bin gleich volles Tempo los. Geplant war mit Pace 4:30 loszurennen, da ich aber nicht gerne mitten in einer Gruppe laufe, musste ich mich erst mal freik\u00e4mpfen, war deutlich zu schnell und wusste, das wird sich r\u00e4chen. Daher versuchte ich dann, in meinen Laufrhythmus zu kommen und mich bei 4:30 einzupegeln.<br \/>\nDie ersten 5 km waren verdammt schwer, aber durchzuhalten. Mit der Zwischenzeit 22:49 min bei km 5 war ich zufrieden. Wir waren auf Asphalt gestartet und liefen dann einen Teil der Strecke im Wald. Die Wege waren vom Regen noch etwas matschig, daf\u00fcr war es aber angenehm k\u00fchl, ideales Laufwetter.<br \/>\nKurz nach der 6 km-Marke kam der erste Einbruch. Ich lief total am Limit, kurz vor &#8230; Ihr wisst schon, wie das dann ist &#8230; Wenn meine Beine sagen, wir haben genug, wollen nicht mehr, ignoriere ich das inzwischen erfolgreich. Heute kamen jedoch noch die Proteste vom Magen hinzu sowie Ank\u00fcndigung von Seitenstechen. Es war ein harter Kampf, den mein Kopf da durchzustehen hatte. Ich sagte mir st\u00e4ndig &#8222;mir geht es gut, ich schaffe das, ich schaffe auch noch eine gute Zeit &#8230;&#8220; und versuchte, an lustige und sch\u00f6ne Momente zu denken, um mich abzulenken. Die Gefahr dabei ist jedoch auch, dass man langsamer wird. Also wieder auf das Lauftempo konzentrieren &#8230; und bei jedem weiteren Kilometer wurde es schwieriger. Trotzdem muss es doch gehen, ich wollte ja auch meine Grenzen kennenlernen. Noch 3 km &#8230; &#8222;ist ja nicht mehr viel, schaffe ich schon&#8220; &#8230; noch 2 km &#8230; &#8222;gleich ist es geschafft, das geht jetzt auch noch&#8220; &#8230; noch 1 km .. &#8222;oje, der ist aber schwer&#8220; &#8230; und endlich der Einlauf zum Sportplatz in Sicht, um die Ecke und ins Ziel &#8230; dachte ich. Aber ich kam um die Ecke und sah, dass das Ziel auf der anderen Bahnseite war, also noch ca. 200 m entfernt. Auch 200 m k\u00f6nnen unendlich lang sein. Mit letzten Kr\u00e4ften zog ich noch mal an, auf die Uhr hatte ich schon lange nicht mehr geschaut, hatte zu sehr damit zu tun, alle Begleiterscheinungen eines schnellen Laufes zu bek\u00e4mpfen.<br \/>\nAber ich schaffte es ins Ziel, bekam gesagt, dass ich die 6. Frau bisher bin &#8230; und brauchte erst einmal 3 min um zu Atem zu kommen.<br \/>\nDanach konnte ich mich erst freuen, dass ich durchgehalten und neue Bestzeit erreicht hatte.<br \/>\nEin L\u00e4ufer kam dann zu mir und fragte nach meiner Zeit und meinte, er w\u00e4re seit km 5 oder 6 hinter mir gewesen, w\u00e4re in meinem Windschatten gerannt und h\u00e4tte es trotz mehrmaliger Versuche nicht geschafft, mich zu \u00fcberholen. Das war f\u00fcr mich eine tolle Anerkennung \ud83d\ude42<br \/>\nAch so, und das Ergebnis vom Lauf:<\/em><\/p>\n<div id=\"attachment_517\" style=\"width: 640px\" class=\"wp-caption alignleft\"><img loading=\"lazy\" decoding=\"async\" aria-describedby=\"caption-attachment-517\" class=\"size-full wp-image-517\" alt=\"Siegerehrung Fr\u00fchlingslauf St. Leon-Rot am 05. Mai 2013\" src=\"https:\/\/laufkatrinlauf.de\/wp-content\/uploads\/2013\/05\/Siegerehrung-Fr\u00fchjahrslauf-St.-Leon-Rot-05.05.2013.jpg\" width=\"630\" height=\"472\" srcset=\"https:\/\/laufkatrinlauf.de\/wp-content\/uploads\/2013\/05\/Siegerehrung-Fr\u00fchjahrslauf-St.-Leon-Rot-05.05.2013.jpg 630w, https:\/\/laufkatrinlauf.de\/wp-content\/uploads\/2013\/05\/Siegerehrung-Fr\u00fchjahrslauf-St.-Leon-Rot-05.05.2013-300x224.jpg 300w, https:\/\/laufkatrinlauf.de\/wp-content\/uploads\/2013\/05\/Siegerehrung-Fr\u00fchjahrslauf-St.-Leon-Rot-05.05.2013-624x467.jpg 624w\" sizes=\"auto, (max-width: 630px) 100vw, 630px\" \/><p id=\"caption-attachment-517\" class=\"wp-caption-text\">Siegerehrung Fr\u00fchlingslauf St. Leon-Rot am 05. Mai 2013<\/p><\/div>\n<div id=\"attachment_519\" style=\"width: 640px\" class=\"wp-caption alignleft\"><img loading=\"lazy\" decoding=\"async\" aria-describedby=\"caption-attachment-519\" class=\"size-full wp-image-519\" alt=\"Fr\u00fchlingslauf St. Leon-Rot 2. Platz in meiner Altersklasse mit 46:18 min \" src=\"https:\/\/laufkatrinlauf.de\/wp-content\/uploads\/2013\/05\/Urkunde_Fr\u00fchjahrslauf-St.-Leon-Rot-05.05.2013.jpg\" width=\"630\" height=\"472\" srcset=\"https:\/\/laufkatrinlauf.de\/wp-content\/uploads\/2013\/05\/Urkunde_Fr\u00fchjahrslauf-St.-Leon-Rot-05.05.2013.jpg 630w, https:\/\/laufkatrinlauf.de\/wp-content\/uploads\/2013\/05\/Urkunde_Fr\u00fchjahrslauf-St.-Leon-Rot-05.05.2013-300x224.jpg 300w, https:\/\/laufkatrinlauf.de\/wp-content\/uploads\/2013\/05\/Urkunde_Fr\u00fchjahrslauf-St.-Leon-Rot-05.05.2013-624x467.jpg 624w\" sizes=\"auto, (max-width: 630px) 100vw, 630px\" \/><p id=\"caption-attachment-519\" class=\"wp-caption-text\">Fr\u00fchlingslauf St. Leon-Rot<br \/>2. Platz in meiner Altersklasse mit 46:18 min<\/p><\/div>\n","protected":false},"excerpt":{"rendered":"<p>Lauf am Limit Diese Woche war das Training aufgrund des Marathons noch immer etwas gem\u00fctlicher, aber heute waren wir in St. Leon-Rot zum Fr\u00fchlingslauf \u00fcber 10 km, man kann ja nicht nur ausruhen. \ud83d\ude09 Ich hatte gelesen, dass man bis zwei Wochen nach einem Marathon gute Wettkampfresultate erreichen k\u00f6nnte und wollte es nun genau wissen. [&hellip;]<\/p>\n","protected":false},"author":1,"featured_media":0,"comment_status":"open","ping_status":"open","sticky":false,"template":"","format":"standard","meta":{"footnotes":""},"categories":[7],"tags":[10,12],"class_list":["post-515","post","type-post","status-publish","format-standard","hentry","category-wettkampf-10-km","tag-10-km-lauf","tag-wettkampf"],"_links":{"self":[{"href":"https:\/\/laufkatrinlauf.de\/index.php?rest_route=\/wp\/v2\/posts\/515","targetHints":{"allow":["GET"]}}],"collection":[{"href":"https:\/\/laufkatrinlauf.de\/index.php?rest_route=\/wp\/v2\/posts"}],"about":[{"href":"https:\/\/laufkatrinlauf.de\/index.php?rest_route=\/wp\/v2\/types\/post"}],"author":[{"embeddable":true,"href":"https:\/\/laufkatrinlauf.de\/index.php?rest_route=\/wp\/v2\/users\/1"}],"replies":[{"embeddable":true,"href":"https:\/\/laufkatrinlauf.de\/index.php?rest_route=%2Fwp%2Fv2%2Fcomments&post=515"}],"version-history":[{"count":22,"href":"https:\/\/laufkatrinlauf.de\/index.php?rest_route=\/wp\/v2\/posts\/515\/revisions"}],"predecessor-version":[{"id":539,"href":"https:\/\/laufkatrinlauf.de\/index.php?rest_route=\/wp\/v2\/posts\/515\/revisions\/539"}],"wp:attachment":[{"href":"https:\/\/laufkatrinlauf.de\/index.php?rest_route=%2Fwp%2Fv2%2Fmedia&parent=515"}],"wp:term":[{"taxonomy":"category","embeddable":true,"href":"https:\/\/laufkatrinlauf.de\/index.php?rest_route=%2Fwp%2Fv2%2Fcategories&post=515"},{"taxonomy":"post_tag","embeddable":true,"href":"https:\/\/laufkatrinlauf.de\/index.php?rest_route=%2Fwp%2Fv2%2Ftags&post=515"}],"curies":[{"name":"wp","href":"https:\/\/api.w.org\/{rel}","templated":true}]}}