{"id":574,"date":"2013-06-02T00:14:07","date_gmt":"2013-06-01T22:14:07","guid":{"rendered":"http:\/\/laufkatrinlauf.de\/?p=574"},"modified":"2013-11-25T14:41:41","modified_gmt":"2013-11-25T13:41:41","slug":"01-06-2013-zwischenstation-eine-woche-vor-dem-halbmarathon","status":"publish","type":"post","link":"https:\/\/laufkatrinlauf.de\/?p=574","title":{"rendered":"01.06.2013 Zwischenstation eine Woche vor dem Halbmarathon"},"content":{"rendered":"<p><em><strong>Meine bisher k\u00fcrzeste Wettkampf-Strecke<\/strong><\/em><br \/>\n<em> Die beiden letzten Wochen galten noch mal der Vorbereitung f\u00fcr den Halbmarathon in Mannheim am 8. Juni mit zwei l\u00e4ngeren langsamen L\u00e4ufen, eingebauten Steigerungen sowie Intervalltraining\u00a0 3 x 400-500-400-500-400 m und diese Woche 4 x 4 x 400 m. Nach wie vor erschreckt mich das Intervalltraining, es kostet mich immer wieder \u00dcberwindung, bis zum Ende durchzuhalten. Manchmal erscheint es mir unm\u00f6glich und doch schaffe ich es irgendwie, bin wieder zufrieden und es spornt nat\u00fcrlich auch f\u00fcr das n\u00e4chste mal an. Beim letzten Intervalltraining kam mir leider mein Laster etwas in die Quere, ich konnte vor dem Training meinen Schokoladenappetit nicht bezwingen und bei der zweiten Intervallrunde wurde mit nat\u00fcrlich schlecht \ud83d\ude41 Keine Schokolade kaufen hilft auch nicht, dann suche ich so lange, bis ich doch irgendwo noch etwas finde.<\/em><\/p>\n<div id=\"attachment_585\" style=\"width: 404px\" class=\"wp-caption alignright\"><img loading=\"lazy\" decoding=\"async\" aria-describedby=\"caption-attachment-585\" class=\"size-full wp-image-585\" alt=\"1. Juni 2013 - Vor dem Spargellauf in Lampertheim\" src=\"https:\/\/laufkatrinlauf.de\/wp-content\/uploads\/2013\/06\/2013-06-01_Spargellauf-Lampertheim-e1370119113731.jpg\" width=\"394\" height=\"338\" srcset=\"https:\/\/laufkatrinlauf.de\/wp-content\/uploads\/2013\/06\/2013-06-01_Spargellauf-Lampertheim-e1370119113731.jpg 394w, https:\/\/laufkatrinlauf.de\/wp-content\/uploads\/2013\/06\/2013-06-01_Spargellauf-Lampertheim-e1370119113731-300x257.jpg 300w\" sizes=\"auto, (max-width: 394px) 100vw, 394px\" \/><p id=\"caption-attachment-585\" class=\"wp-caption-text\">1. Juni 2013 &#8211; Vor dem Spargellauf in Lampertheim<\/p><\/div>\n<p><em>Heute sind wir zu Viert vom Lauftreff beim Spargellauf in Lampertheim gestartet. Wir hatten uns f\u00fcr die 5 km entschieden, 10 km und Halbmarathon konnte man ebenfalls laufen. Aufgrund des bevorstehenden Laufes in Mannheim w\u00e4hlten wir jedoch mal die kurze Strecke. Die k\u00fchlen Temperaturen war in dem Fall angenehm, der Regen hatte aufgeh\u00f6rt, nur der Wind blies noch recht heftig und forderte uns beim Lauf zus\u00e4tzlich heraus.<\/em><\/p>\n<p><em> Die 5 km-Strecke bestritten auch viele Kinder und Jugendliche, es war ein bunt gemischtes Starterfeld. Inbesondere die Kinder sprinteten in vollem Tempo los, mussten aber sp\u00e4testens nach 500 m das Tempo herausnehmen, so dass sich dann das Feld lichtete. Leider war dadurch auch kein Windschatten zu finden, der gerade heute angenehm gewesen w\u00e4re. Der Anfang lief recht gut, auch die lange ansteigende Br\u00fccke bew\u00e4ltigte ich ohne Probleme. Ich konzentrierte mich auf mein Tempo, um weder zu schnell aber auch nicht zu langsam zu laufen. Dass meine Wunschzeit (22:00 bis 22:30 min) bei dem Wind nicht zu schaffen war, wusste ich, wollte nat\u00fcrlich aber trotzdem das Beste herausholen. An der H\u00e4lfte der Strecke gab es einen Wendepunkt. Ich merkte, dass ich etwas langsamer wurde, fand aber wieder niemanden, um mich dranzuh\u00e4ngen. Die vor mir waren entweder zu schnell oder wechselten st\u00e4ndig das Tempo.<br \/>\nDie Br\u00fccke wurde auf dem R\u00fcckweg schwieriger und irgendwie l\u00e4nger, jedoch oben angekommen, beschleunigte ich wieder. An der n\u00e4chsten Kurve bekam ich Anfeuerungsrufe und zugerufen, ich sei die erste Frau. Ich wei\u00df, dass man sich nicht umdreht, musste es aber einfach tun um zu sehen, wie die Chancen standen. Kurz hinter mir war keine Frau zu sehen, das gab mir nat\u00fcrlich Auftrieb, den letzten Teil der Strecke noch etwas anzuziehen, damit ich auch vorn blieb. Wie so manches mal wurden die letzten 300 m immer schwieriger, ich kam wieder mal an meine Belastungsgrenze. Bis zum Ziel musste ich es aber schaffen! Wenn ich bis hierher gekommen bin, muss das kleine St\u00fcckchen doch auch noch gehen! Ich hatte mir extra vorgenommen, am Anfang nicht voll aufzudrehen, um am Ende Luft zu haben. Funktioniert wohl aber bei mir nicht oder ich muss es einfach trainieren.<\/em><br \/>\n<em>Ich war noch gar nicht im Ziel, da h\u00f6rte ich schon meinen Namen und Verein durch die Lautsprecher, dass ich als erste Frau einlaufe. Also los, fast geschafft!\u00a0 Im Ziel riss ich vor Freude die Arme hoch, bekam sogleich Gl\u00fcckw\u00fcnsche &#8230; und musste erst einmal zur Puste kommen. Das war nat\u00fcrlich ein herrliches Gef\u00fchl, als erste Frau zu finishen \ud83d\ude42<\/em><br \/>\n<em> Aber auch meine Lauftreffpartner liefen super Zeiten und erreichten einen 3. und zwei 5. Pl\u00e4tze.<\/em><br \/>\n<em> Lisa vom Laufteam unseres Vereins, die die 10 km in Angriff genommen hatte, war ebenfalls erfolgreich mit einem 2. Platz.<\/em><br \/>\n<em> Sicher kann sich jeder vorstellen, wie gut gelaunt wir alle waren.<\/em><br \/>\n<em> F\u00fcr jeden L\u00e4ufer gab es am Ziel noch ein Laufshirt. Getr\u00e4nke und Bananen standen ebenfalls reichlich f\u00fcr uns bereit. Es war alles gut organisiert, sogar genug Duschen waren vorhanden.<\/em><br \/>\n<em> Aufgrund des 1. Platzes in der Gesamtwertung mit 23:03 hatte ich auch den 1. Platz in meiner Altersgruppe, so dass ich einen Pokal, eine Medaille sowie Blumen geschenkt bekam \ud83d\ude42<\/em><\/p>\n<div id=\"attachment_623\" style=\"width: 290px\" class=\"wp-caption alignleft\"><img loading=\"lazy\" decoding=\"async\" aria-describedby=\"caption-attachment-623\" class=\"size-full wp-image-623\" alt=\"Kurz vor dem Start ...\" src=\"https:\/\/laufkatrinlauf.de\/wp-content\/uploads\/2013\/06\/2013-06-01_Spargellauf-Lampertheim_Start.jpg\" width=\"280\" height=\"210\" \/><p id=\"caption-attachment-623\" class=\"wp-caption-text\">Kurz vor dem Start &#8230;<\/p><\/div>\n<div id=\"attachment_624\" style=\"width: 290px\" class=\"wp-caption alignright\"><img loading=\"lazy\" decoding=\"async\" aria-describedby=\"caption-attachment-624\" class=\"size-full wp-image-624\" alt=\"Schneller Start beim Spargellauf\" src=\"https:\/\/laufkatrinlauf.de\/wp-content\/uploads\/2013\/06\/2013-06-01_Spargellauf-Lampertheim_Start_.jpg\" width=\"280\" height=\"223\" \/><p id=\"caption-attachment-624\" class=\"wp-caption-text\">Schneller Start beim Spargellauf<\/p><\/div>\n<p>&nbsp;<\/p>\n<p>&nbsp;<\/p>\n<div id=\"attachment_639\" style=\"width: 610px\" class=\"wp-caption alignleft\"><img loading=\"lazy\" decoding=\"async\" aria-describedby=\"caption-attachment-639\" class=\"size-full wp-image-639\" alt=\"2. Platz WJ U20 10 km \/ 1. Platz Gesamt Damen 5 km \/ 3. Platz M50 5 km\" src=\"https:\/\/laufkatrinlauf.de\/wp-content\/uploads\/2013\/06\/2013-06-01_Spargellauf_Lampertheim-070.jpg\" width=\"600\" height=\"390\" srcset=\"https:\/\/laufkatrinlauf.de\/wp-content\/uploads\/2013\/06\/2013-06-01_Spargellauf_Lampertheim-070.jpg 600w, https:\/\/laufkatrinlauf.de\/wp-content\/uploads\/2013\/06\/2013-06-01_Spargellauf_Lampertheim-070-300x195.jpg 300w\" sizes=\"auto, (max-width: 600px) 100vw, 600px\" \/><p id=\"caption-attachment-639\" class=\"wp-caption-text\">2. Platz WJ U20 10 km \/ 1. Platz Gesamt Damen 5 km \/ 3. Platz M50 5 km<\/p><\/div>\n","protected":false},"excerpt":{"rendered":"<p>Meine bisher k\u00fcrzeste Wettkampf-Strecke Die beiden letzten Wochen galten noch mal der Vorbereitung f\u00fcr den Halbmarathon in Mannheim am 8. Juni mit zwei l\u00e4ngeren langsamen L\u00e4ufen, eingebauten Steigerungen sowie Intervalltraining\u00a0 3 x 400-500-400-500-400 m und diese Woche 4 x 4 x 400 m. Nach wie vor erschreckt mich das Intervalltraining, es kostet mich immer wieder [&hellip;]<\/p>\n","protected":false},"author":1,"featured_media":0,"comment_status":"open","ping_status":"open","sticky":false,"template":"","format":"standard","meta":{"footnotes":""},"categories":[13],"tags":[12],"class_list":["post-574","post","type-post","status-publish","format-standard","hentry","category-wettkampf-5-km","tag-wettkampf"],"_links":{"self":[{"href":"https:\/\/laufkatrinlauf.de\/index.php?rest_route=\/wp\/v2\/posts\/574","targetHints":{"allow":["GET"]}}],"collection":[{"href":"https:\/\/laufkatrinlauf.de\/index.php?rest_route=\/wp\/v2\/posts"}],"about":[{"href":"https:\/\/laufkatrinlauf.de\/index.php?rest_route=\/wp\/v2\/types\/post"}],"author":[{"embeddable":true,"href":"https:\/\/laufkatrinlauf.de\/index.php?rest_route=\/wp\/v2\/users\/1"}],"replies":[{"embeddable":true,"href":"https:\/\/laufkatrinlauf.de\/index.php?rest_route=%2Fwp%2Fv2%2Fcomments&post=574"}],"version-history":[{"count":53,"href":"https:\/\/laufkatrinlauf.de\/index.php?rest_route=\/wp\/v2\/posts\/574\/revisions"}],"predecessor-version":[{"id":635,"href":"https:\/\/laufkatrinlauf.de\/index.php?rest_route=\/wp\/v2\/posts\/574\/revisions\/635"}],"wp:attachment":[{"href":"https:\/\/laufkatrinlauf.de\/index.php?rest_route=%2Fwp%2Fv2%2Fmedia&parent=574"}],"wp:term":[{"taxonomy":"category","embeddable":true,"href":"https:\/\/laufkatrinlauf.de\/index.php?rest_route=%2Fwp%2Fv2%2Fcategories&post=574"},{"taxonomy":"post_tag","embeddable":true,"href":"https:\/\/laufkatrinlauf.de\/index.php?rest_route=%2Fwp%2Fv2%2Ftags&post=574"}],"curies":[{"name":"wp","href":"https:\/\/api.w.org\/{rel}","templated":true}]}}