{"id":738,"date":"2013-06-29T17:15:55","date_gmt":"2013-06-29T15:15:55","guid":{"rendered":"http:\/\/laufkatrinlauf.de\/?p=738"},"modified":"2013-06-29T17:19:41","modified_gmt":"2013-06-29T15:19:41","slug":"29-06-2013-neue-marathonplanung","status":"publish","type":"post","link":"https:\/\/laufkatrinlauf.de\/?p=738","title":{"rendered":"29.06.2013 Neue Marathonplanung"},"content":{"rendered":"<p><em><strong>Anmeldung zu meinem zweiten Marathon<\/strong><\/em><br \/>\n<em> Die Schreibpause bedeutet nicht, dass ich lauf-faul geworden bin \ud83d\ude09 nach wie vor bin ich jede Woche 4 x mal bei Wind und Wetter, manchmal sogar bei Sonne, unterwegs. Allerdings pausiere ich im Moment mit den Wettk\u00e4mpfen, ein bisschen Ruhe vor neuen Herausforderungen muss auch mal sein. Am 3. August geht es dann wieder los, Start in Bellheim beim Sommernachtslauf als Sommernachtsduett mit Lisa aus dem Laufteam. Darauf freue ich mich schon besonders \ud83d\ude42<\/em><br \/>\n<em> Voller Vorfreude erwarte ich auch meinen Urlaub im August =\u00a0RUNNER\u2019S-WORLD-H\u00f6hencamp in Lech und bin gespannt auf neue Erfahrungen und Erlebnisse.<\/em><br \/>\n<em> Gestern ist nun die Entscheidung \u00fcber den n\u00e4chsten Marathon-Start gefallen, wir schaffen es doch nicht, bis n\u00e4chstes Jahr zu warten. Jetzt sind wir bereits 5 L\u00e4ufer aus dem SV 98\/07 Seckenheim, die beim Frankfurt Marathon im Oktober starten wollen. Also beginnen direkt nach dem Laufcamp die neuen Marathonvorbereitungen &#8230;<\/em><br \/>\n<em>Dabei muss ich gerade an den Marathon in Hamburg denken, eine Frau hatte die Aufschrift auf ihrem Shirt: &#8222;Who&#8217;s idea was that?&#8220;<\/em><\/p>\n","protected":false},"excerpt":{"rendered":"<p>Anmeldung zu meinem zweiten Marathon Die Schreibpause bedeutet nicht, dass ich lauf-faul geworden bin \ud83d\ude09 nach wie vor bin ich jede Woche 4 x mal bei Wind und Wetter, manchmal sogar bei Sonne, unterwegs. Allerdings pausiere ich im Moment mit den Wettk\u00e4mpfen, ein bisschen Ruhe vor neuen Herausforderungen muss auch mal sein. Am 3. August [&hellip;]<\/p>\n","protected":false},"author":1,"featured_media":0,"comment_status":"open","ping_status":"open","sticky":false,"template":"","format":"standard","meta":{"footnotes":""},"categories":[33,4],"tags":[15],"class_list":["post-738","post","type-post","status-publish","format-standard","hentry","category-marathon","category-marathonvorbereitung","tag-marathonanmeldung"],"_links":{"self":[{"href":"https:\/\/laufkatrinlauf.de\/index.php?rest_route=\/wp\/v2\/posts\/738","targetHints":{"allow":["GET"]}}],"collection":[{"href":"https:\/\/laufkatrinlauf.de\/index.php?rest_route=\/wp\/v2\/posts"}],"about":[{"href":"https:\/\/laufkatrinlauf.de\/index.php?rest_route=\/wp\/v2\/types\/post"}],"author":[{"embeddable":true,"href":"https:\/\/laufkatrinlauf.de\/index.php?rest_route=\/wp\/v2\/users\/1"}],"replies":[{"embeddable":true,"href":"https:\/\/laufkatrinlauf.de\/index.php?rest_route=%2Fwp%2Fv2%2Fcomments&post=738"}],"version-history":[{"count":12,"href":"https:\/\/laufkatrinlauf.de\/index.php?rest_route=\/wp\/v2\/posts\/738\/revisions"}],"predecessor-version":[{"id":749,"href":"https:\/\/laufkatrinlauf.de\/index.php?rest_route=\/wp\/v2\/posts\/738\/revisions\/749"}],"wp:attachment":[{"href":"https:\/\/laufkatrinlauf.de\/index.php?rest_route=%2Fwp%2Fv2%2Fmedia&parent=738"}],"wp:term":[{"taxonomy":"category","embeddable":true,"href":"https:\/\/laufkatrinlauf.de\/index.php?rest_route=%2Fwp%2Fv2%2Fcategories&post=738"},{"taxonomy":"post_tag","embeddable":true,"href":"https:\/\/laufkatrinlauf.de\/index.php?rest_route=%2Fwp%2Fv2%2Ftags&post=738"}],"curies":[{"name":"wp","href":"https:\/\/api.w.org\/{rel}","templated":true}]}}