{"id":808,"date":"2013-07-08T16:29:14","date_gmt":"2013-07-08T14:29:14","guid":{"rendered":"http:\/\/laufkatrinlauf.de\/?p=808"},"modified":"2013-07-09T16:12:24","modified_gmt":"2013-07-09T14:12:24","slug":"07-07-2013-nebelhorn-berglauf","status":"publish","type":"post","link":"https:\/\/laufkatrinlauf.de\/?p=808","title":{"rendered":"07.07.2013 H\u00e4rtester Berglauf in Deutschland"},"content":{"rendered":"<p><em><strong>07.07.2013 Sieben Verr\u00fcckte auf einen Streich<\/strong><\/em><br \/>\n<em>(Fortsetzung zu &#8222;Allg\u00e4u-Ausflug mit Folgen&#8220;) <\/em><\/p>\n<p><em>Vorab die Laufstrecke und das Profil zum Nebelhorn-Berglauf:<\/em><\/p>\n<p dir=\"ltr\" id=\"docs-internal-guid-31476637-be7a-276b-5f89-561db00831d6\"><img loading=\"lazy\" decoding=\"async\" class=\"alignleft size-full wp-image-811\" alt=\"Nebelhorn-Strecke\" src=\"https:\/\/laufkatrinlauf.de\/wp-content\/uploads\/2013\/07\/Nebelhorn-Strecke.jpg\" width=\"600\" height=\"465\" srcset=\"https:\/\/laufkatrinlauf.de\/wp-content\/uploads\/2013\/07\/Nebelhorn-Strecke.jpg 600w, https:\/\/laufkatrinlauf.de\/wp-content\/uploads\/2013\/07\/Nebelhorn-Strecke-300x232.jpg 300w\" sizes=\"auto, (max-width: 600px) 100vw, 600px\" \/><br \/>\nQuelle: http:\/\/www.nebelhornberglauf.de\/<br \/>\n<img loading=\"lazy\" decoding=\"async\" class=\"alignleft size-full wp-image-812\" alt=\"Nebelhorn_Profil\" src=\"https:\/\/laufkatrinlauf.de\/wp-content\/uploads\/2013\/07\/Nebelhorn_Profil.jpg\" width=\"600\" height=\"421\" srcset=\"https:\/\/laufkatrinlauf.de\/wp-content\/uploads\/2013\/07\/Nebelhorn_Profil.jpg 600w, https:\/\/laufkatrinlauf.de\/wp-content\/uploads\/2013\/07\/Nebelhorn_Profil-300x210.jpg 300w\" sizes=\"auto, (max-width: 600px) 100vw, 600px\" \/><\/p>\n<p dir=\"ltr\">Mehr Informationen zum Nebelhorn-Berglauf vom TSV Oberstdorf unter http:\/\/www.nebelhornberglauf.de\/<\/p>\n<p><em dir=\"ltr\">Am Sonntagmorgen ging der erste Blick Richtung Nebelhorn: freie Sicht und die Gipfelstation spiegelte sich in der Sonne. Wir nahmen das als gutes Zeichen f\u00fcr unser verr\u00fccktes Vorhaben. Ziel f\u00fcr uns alle war, einfach gut den Gipfel zu erreichen, abgesehen von den zwei 16j\u00e4hrigen, die etwas ambitioniertere Ziele hatten. Vor dem Start gab es von erfahrenen Mitl\u00e4ufern noch viele gute Ratschl\u00e4ge. Wir trafen aber auch einige, die sich ebenfalls zum ersten Mal auf diesen Berglauf wagten.<\/em><\/p>\n<div id=\"attachment_827\" style=\"width: 610px\" class=\"wp-caption alignleft\"><img loading=\"lazy\" decoding=\"async\" aria-describedby=\"caption-attachment-827\" class=\"size-full wp-image-827\" alt=\"Kurz vor dem Start\" src=\"https:\/\/laufkatrinlauf.de\/wp-content\/uploads\/2013\/07\/Kurz-vor-dem-Start.jpg\" width=\"600\" height=\"450\" srcset=\"https:\/\/laufkatrinlauf.de\/wp-content\/uploads\/2013\/07\/Kurz-vor-dem-Start.jpg 600w, https:\/\/laufkatrinlauf.de\/wp-content\/uploads\/2013\/07\/Kurz-vor-dem-Start-300x225.jpg 300w\" sizes=\"auto, (max-width: 600px) 100vw, 600px\" \/><p id=\"caption-attachment-827\" class=\"wp-caption-text\">Kurz vor dem Start<\/p><\/div>\n<p><em>W\u00e4hrend der ersten 2 km hatte ich noch die Illusion, es w\u00fcrde doch nicht soo schlimm werden, es war noch recht flach und wir konnten das St\u00fcck zum Einlaufen nutzen. Die Illusion verflog aber schlagartig, als die erste Steigung kam. Ringsherum begannen die ersten L\u00e4ufer zu gehen. Ich begann dann ebenfalls zu gehen und testete ein bisschen zwischen Laufen und Gehen. Die wenigen flacheren Anstiege legte ich dann laufend zur\u00fcck, die starken Steigungen im Gehen.<\/em><br \/>\n<em>Die Emotionen wechselten st\u00e4ndig: auf den h\u00e4rteren Strecken ganz auf mich konzentriert, auf den etwas &#8222;leichteren&#8220; Strecken gab es auch mal ein Schw\u00e4tzchen mit den L\u00e4ufern\/Gehern um mich herum. Es gab gegenseitige Ermutigungen, Scherze, kurzer Austausch \u00fcber andere L\u00e4ufe &#8230; man sollte es nicht glauben, dass das bei so einem Lauf noch m\u00f6glich ist.<\/em><br \/>\n<em>F\u00fcr Abwechslung sorgte auch die Wahnsinnsaussicht. Bald waren die ersten Schneefelder zu sehen, Aussicht auf die umliegenden Berge und ganz vorsichtig wagte ich ab und zu einen Blick nach oben auf den noch bevorstehenden Anstieg.<\/em><br \/>\n<em>Erstmalig bei einem Lauf sehnte ich auch jede Getr\u00e4nkestation herbei und leerte jedesmal gleich 2 Becher. Bei der zweiten Getr\u00e4nkepause musste ich eine Weile innehalten und den tollen Blick genie\u00dfen. Es gibt ja nicht gleich wieder so perfektes Wetter in dieser H\u00f6he.<\/em><br \/>\n<em>Mit neuer Motivation ging es dann auf zum n\u00e4chsten &#8211; immer steiler werdenden &#8211; Abschnitt. Verschnaufpausen brauchte ich in immer k\u00fcrzeren Abst\u00e4nden, genoss dann den herrlichen Blick auf die schneebedeckten Berge, schwatze kurz mit einem der L\u00e4ufer und weiter ging es bergauf. Erstaunlicherweise meldeten sich weder Seitenstechen noch irgendwelche Schmerzen in meinem Oberschenkel. Es war nur einfach verdammt anstrengend, aber unser Ziel war Ankommen, also sprach nichts gegen kurze Pausen.<\/em><\/p>\n<p><span style=\"color: #808080;\"><em>Fotos vom TSV Oberstdorf:<\/em><\/span><\/p>\n<div id=\"attachment_825\" style=\"width: 295px\" class=\"wp-caption alignleft\"><img loading=\"lazy\" decoding=\"async\" aria-describedby=\"caption-attachment-825\" class=\"size-full wp-image-825\" alt=\"Unser Trainer\" src=\"https:\/\/laufkatrinlauf.de\/wp-content\/uploads\/2013\/07\/Hajo.jpg\" width=\"285\" height=\"213\" \/><p id=\"caption-attachment-825\" class=\"wp-caption-text\">Unser Trainer erst\u00fcrmte den Gipfel in 1:43:00<\/p><\/div>\n<div id=\"attachment_832\" style=\"width: 295px\" class=\"wp-caption alignleft\"><img loading=\"lazy\" decoding=\"async\" aria-describedby=\"caption-attachment-832\" class=\"size-full wp-image-832\" alt=\"Harald auf dem Weg zum Gipfel\" src=\"https:\/\/laufkatrinlauf.de\/wp-content\/uploads\/2013\/07\/Harald1.jpg\" width=\"285\" height=\"213\" \/><p id=\"caption-attachment-832\" class=\"wp-caption-text\">Harald auf dem Weg zum Gipfel<\/p><\/div>\n<div id=\"attachment_833\" style=\"width: 295px\" class=\"wp-caption alignleft\"><img loading=\"lazy\" decoding=\"async\" aria-describedby=\"caption-attachment-833\" class=\"size-full wp-image-833\" alt=\"Hartmut mit Panoramablick\" src=\"https:\/\/laufkatrinlauf.de\/wp-content\/uploads\/2013\/07\/Hartmut.jpg\" width=\"285\" height=\"213\" \/><p id=\"caption-attachment-833\" class=\"wp-caption-text\">Hartmut mit Panoramablick<\/p><\/div>\n<div id=\"attachment_834\" style=\"width: 295px\" class=\"wp-caption alignleft\"><img loading=\"lazy\" decoding=\"async\" aria-describedby=\"caption-attachment-834\" class=\"size-full wp-image-834\" alt=\"Gerhard hat noch Zeit f\u00fcr eine Pose\" src=\"https:\/\/laufkatrinlauf.de\/wp-content\/uploads\/2013\/07\/Gerhard.jpg\" width=\"285\" height=\"213\" \/><p id=\"caption-attachment-834\" class=\"wp-caption-text\">Gerhard hat noch Zeit f\u00fcr eine Pose<\/p><\/div>\n<p><em>Jedesmal wenn ich dachte, das war jetzt aber bestimmt das steilste St\u00fcck der Strecke, kam es noch schlimmer. Dann gab es aber neue Motivation. Der Teil unserer Truppe, der nicht mitlief, feuerte uns unterwegs lautstark an. Wir waren bereits von weitem in unseren leuchtenden Vereinsshirts gut zu erkennen, so schallten die Anfeuerungsrufe zu uns herunter und gaben neue Kraft. Unser Fanclub hatte dann zu tun, schnell bis zum Gipfel zu fahren, um uns auch dort auf den letzten schwierigen Metern aufzumuntern.<\/em><br \/>\n<em>Jeder Kilometer aufw\u00e4rts kostete immer mehr Kraft und Zeit. Die letzte spannende Herausforderung war ein Schneefeld, \u00fcber das wir laufen mussten. Ich war kurz versucht, die Schuhe auszuziehen, da es einfach zu rutschig war. Dann kam aber schon der letzte steile und matschige Anstieg. An Laufen war gar nicht mehr zu denken. Wieder neue Anfeuerungsrufe, &#8222;&#8230; da ist wieder jemand aus Mannheim, komm, du hast es gleich geschafft!&#8220; Aber das Ziel war ja schon in Sicht \ud83d\ude42 das ich dann freudestrahlend noch unter 2 h erreichte. Nach dem Zieleinlauf gab es gleich einen Umhang, um uns vor der K\u00e4lte zu sch\u00fctzen, tolle Idee, hat tats\u00e4chlich geholfen. Alle 7 haben wir den Berglauf gemeistert, Daniel (16) belegte sogar den 2. Platz in seiner Altersgruppe. Toll fand ich, dass die anderen unserer &#8222;Reisegruppe&#8220; auf andere Aktivit\u00e4ten verzichtet haben, um uns jubelnd beim Erreichen des Gipfels zu unterst\u00fctzen.<br \/>\n<\/em><br \/>\n<em>Es war ein wirklich anstrengender Lauf, aber auch ein wundersch\u00f6ner, wie die Fotos zeigen.<\/em><\/p>\n<div id=\"attachment_835\" style=\"width: 295px\" class=\"wp-caption alignleft\"><img loading=\"lazy\" decoding=\"async\" aria-describedby=\"caption-attachment-835\" class=\"size-full wp-image-835\" alt=\"Yannick im Ziel\" src=\"https:\/\/laufkatrinlauf.de\/wp-content\/uploads\/2013\/07\/Yannick.jpg\" width=\"285\" height=\"213\" \/><p id=\"caption-attachment-835\" class=\"wp-caption-text\">Yannick im Ziel mit super Zeit: 1:42:41<\/p><\/div>\n<div id=\"attachment_836\" style=\"width: 295px\" class=\"wp-caption alignleft\"><img loading=\"lazy\" decoding=\"async\" aria-describedby=\"caption-attachment-836\" class=\"size-full wp-image-836\" alt=\"Katrin im Ziel nach 1:58:33\" src=\"https:\/\/laufkatrinlauf.de\/wp-content\/uploads\/2013\/07\/Katrin-Zieleinlauf.jpg\" width=\"285\" height=\"213\" \/><p id=\"caption-attachment-836\" class=\"wp-caption-text\">Katrin im Ziel nach 1:58:33<\/p><\/div>\n<div id=\"attachment_837\" style=\"width: 295px\" class=\"wp-caption alignleft\"><img loading=\"lazy\" decoding=\"async\" aria-describedby=\"caption-attachment-837\" class=\"size-full wp-image-837\" alt=\"2. Platz f\u00fcr Daniel in seiner Altersklasse\" src=\"https:\/\/laufkatrinlauf.de\/wp-content\/uploads\/2013\/07\/Daniel.jpg\" width=\"285\" height=\"213\" \/><p id=\"caption-attachment-837\" class=\"wp-caption-text\">2. Platz f\u00fcr Daniel in JUG M mit schnellen 1:22:47<\/p><\/div>\n<div id=\"attachment_843\" style=\"width: 295px\" class=\"wp-caption alignleft\"><img loading=\"lazy\" decoding=\"async\" aria-describedby=\"caption-attachment-843\" class=\"size-full wp-image-843\" alt=\"Die Gipfelst\u00fcrmer\" src=\"https:\/\/laufkatrinlauf.de\/wp-content\/uploads\/2013\/07\/die-Gipfelst\u00fcrmer.jpg\" width=\"285\" height=\"213\" \/><p id=\"caption-attachment-843\" class=\"wp-caption-text\">Die Gipfelst\u00fcrmer<\/p><\/div>\n<div id=\"attachment_847\" style=\"width: 295px\" class=\"wp-caption alignleft\"><img loading=\"lazy\" decoding=\"async\" aria-describedby=\"caption-attachment-847\" class=\"size-full wp-image-847\" alt=\"Auf dem Gipfel vom Nebelhorn\" src=\"https:\/\/laufkatrinlauf.de\/wp-content\/uploads\/2013\/07\/Auf-dem-Gipfel-vom-Nebelhorn.jpg\" width=\"285\" height=\"213\" \/><p id=\"caption-attachment-847\" class=\"wp-caption-text\">Alle zusammen auf dem Gipfel vom Nebelhorn<\/p><\/div>\n<div id=\"attachment_848\" style=\"width: 295px\" class=\"wp-caption alignleft\"><img loading=\"lazy\" decoding=\"async\" aria-describedby=\"caption-attachment-848\" class=\"size-full wp-image-848\" alt=\"Aussicht von ganz oben\" src=\"https:\/\/laufkatrinlauf.de\/wp-content\/uploads\/2013\/07\/Aussicht-von-ganz-oben.jpg\" width=\"285\" height=\"213\" \/><p id=\"caption-attachment-848\" class=\"wp-caption-text\">Aussicht von ganz oben<\/p><\/div>\n","protected":false},"excerpt":{"rendered":"<p>07.07.2013 Sieben Verr\u00fcckte auf einen Streich (Fortsetzung zu &#8222;Allg\u00e4u-Ausflug mit Folgen&#8220;) Vorab die Laufstrecke und das Profil zum Nebelhorn-Berglauf: Quelle: http:\/\/www.nebelhornberglauf.de\/ Mehr Informationen zum Nebelhorn-Berglauf vom TSV Oberstdorf unter http:\/\/www.nebelhornberglauf.de\/ Am Sonntagmorgen ging der erste Blick Richtung Nebelhorn: freie Sicht und die Gipfelstation spiegelte sich in der Sonne. Wir nahmen das als gutes Zeichen f\u00fcr [&hellip;]<\/p>\n","protected":false},"author":1,"featured_media":0,"comment_status":"open","ping_status":"open","sticky":false,"template":"","format":"standard","meta":{"footnotes":""},"categories":[16,7],"tags":[36,12],"class_list":["post-808","post","type-post","status-publish","format-standard","hentry","category-berglauf","category-wettkampf-10-km","tag-berglauf","tag-wettkampf"],"_links":{"self":[{"href":"https:\/\/laufkatrinlauf.de\/index.php?rest_route=\/wp\/v2\/posts\/808","targetHints":{"allow":["GET"]}}],"collection":[{"href":"https:\/\/laufkatrinlauf.de\/index.php?rest_route=\/wp\/v2\/posts"}],"about":[{"href":"https:\/\/laufkatrinlauf.de\/index.php?rest_route=\/wp\/v2\/types\/post"}],"author":[{"embeddable":true,"href":"https:\/\/laufkatrinlauf.de\/index.php?rest_route=\/wp\/v2\/users\/1"}],"replies":[{"embeddable":true,"href":"https:\/\/laufkatrinlauf.de\/index.php?rest_route=%2Fwp%2Fv2%2Fcomments&post=808"}],"version-history":[{"count":34,"href":"https:\/\/laufkatrinlauf.de\/index.php?rest_route=\/wp\/v2\/posts\/808\/revisions"}],"predecessor-version":[{"id":872,"href":"https:\/\/laufkatrinlauf.de\/index.php?rest_route=\/wp\/v2\/posts\/808\/revisions\/872"}],"wp:attachment":[{"href":"https:\/\/laufkatrinlauf.de\/index.php?rest_route=%2Fwp%2Fv2%2Fmedia&parent=808"}],"wp:term":[{"taxonomy":"category","embeddable":true,"href":"https:\/\/laufkatrinlauf.de\/index.php?rest_route=%2Fwp%2Fv2%2Fcategories&post=808"},{"taxonomy":"post_tag","embeddable":true,"href":"https:\/\/laufkatrinlauf.de\/index.php?rest_route=%2Fwp%2Fv2%2Ftags&post=808"}],"curies":[{"name":"wp","href":"https:\/\/api.w.org\/{rel}","templated":true}]}}