{"id":975,"date":"2013-08-17T18:02:06","date_gmt":"2013-08-17T16:02:06","guid":{"rendered":"http:\/\/laufkatrinlauf.de\/?p=975"},"modified":"2013-08-17T22:56:31","modified_gmt":"2013-08-17T20:56:31","slug":"17-08-2013-laufcamp-und-berglauf-in-lech-am-arlberg","status":"publish","type":"post","link":"https:\/\/laufkatrinlauf.de\/?p=975","title":{"rendered":"17.08.2013 Laufcamp und Berglauf in Lech am Arlberg"},"content":{"rendered":"<p><strong><em>Perfektes Lauferlebnis<\/em><\/strong><\/p>\n<p><em>Hey, ich wei\u00df gar nicht, wo ich anfangen soll. Bin total begeistert \ud83d\ude42<\/em><br \/>\n<em>Gestern bin ich bei super Wetter in Lech im Laufcamp von Runner&#8217;s World angekommen. Kontakte waren schnell gekn\u00fcpft, als L\u00e4ufer hat man sich ja gleich erkannt \ud83d\ude09 Am Nachmittag ging es sofort mit einem kurzen Lauf &#8211; nat\u00fcrlich mit Steigung &#8211; zum Tempo finden los, gefolgt von Lauf-ABC sowie Kraftraining und Stretching f\u00fcr L\u00e4ufer. F\u00fcr den ersten Tag war das erst einmal genug und wir genossen danach das reichliche Abendessen.<\/em><\/p>\n<p><em>Der heutige Tag begann mit der Abholung der Startunterlagen f\u00fcr den 11. Lecher H\u00f6henhalbmarathon oder Raiffeisen Fitnesslauf. Da uns noch einige Tage mit knackigen Laufeinheiten bevorstehen, hatte ich mich f\u00fcr den Fitnesslauf entschieden.<\/em><\/p>\n<p><em><strong>Schwierigkeit: <\/strong>mittel \/ <strong>Strecke: <\/strong>13,5 km<\/em><br \/>\n<em><strong>Aufstieg: <\/strong>697 m \/\u00a0<strong>Abstieg: <\/strong>696 m<\/em><br \/>\n<em><strong>Niedrigster Punkt: <\/strong>1417 m \/ <strong>H\u00f6chster Punkt: <\/strong>1808 m<\/em><\/p>\n<p><em> Ich war mal wieder unheimlich aufgeregt, da es erst mein zweiter Berglauf war. Das Wetter war perfekt, nicht wie angek\u00fcndigt mit viel Sonne, sondern bew\u00f6lkt und etwas k\u00fchl. Nach dem Start war die Aufregung verschwunden, ich war auf dem Weg, wollte den Lauf und die Aussicht genie\u00dfen, also tat ich das dann auch. Zwar ging es anfangs sofort bergauf, aber es gab immer wieder gerade Abschnitte oder sogar bergab. So konnte man sich kurz wieder erholen. Auf der Strecke gab es \u00f6fters ein kurzes Hallo mit den L\u00e4ufern aus dem Laufcamp; angefeuert wurden wir unterwegs auch noch von den \u00fcbrigen Teilnehmern des Camps. Nach 4 km wurde dann die Steigung heftiger, Laufen war dann nicht mehr m\u00f6glich. Trotzdem sp\u00fcrte ich die Anstrengung nicht zu sehr, da ich von der st\u00e4ndig wechselnden Kulisse begeistert war und pausenlos Fotos schoss. Den ganzen Lauf hindurch l\u00e4chelte ich, weil ich es einfach so toll fand, abwechslungsreiche Strecke, Wahnsinnsaussicht und unheimlich freundliche Wanderer und Anwohner, die begeistert klatschten und uns mit Go! Go! Go! anfeuerten. Nur die K\u00fche am Weg waren gelangweilt.<\/em><br \/>\n<em>Die letzten Kilometer ging es fast nur noch bergab. Das kostete etwas mehr Konzentration und war teilweise gar nicht so einfach. Das L\u00e4uferfeld hatte sich inzwischen weit auseinandergezogen, so dass ich etwas Panik bekam, ob ich auf dem richtigen Weg bin, da keiner mehr zu sehen war. Aber die Strecke war gut ausgewiesen und Helfer wie Anwohner winkten immer auf den richtigen Weg. Nach 1:40:17 lief ich strahlend durch das Ziel (8. Platz), ich war unheimlich froh, mich f\u00fcr diesen herrlichen Lauf entschieden zu haben \ud83d\ude42<\/em><\/p>\n<p><em>http:\/\/www.lech-zuers.at\/raiffeisen-fitnesslauf<\/em><\/p>\n<p><img loading=\"lazy\" decoding=\"async\" class=\"alignleft size-full wp-image-981\" alt=\"fitnesslauf_start\" src=\"https:\/\/laufkatrinlauf.de\/wp-content\/uploads\/2013\/08\/fitnesslauf_start.jpg\" width=\"300\" height=\"225\" \/><img loading=\"lazy\" decoding=\"async\" class=\"alignleft size-full wp-image-982\" alt=\"fitnesslauf_1.teil\" src=\"https:\/\/laufkatrinlauf.de\/wp-content\/uploads\/2013\/08\/fitnesslauf_1.teil_.jpg\" width=\"300\" height=\"225\" \/><\/p>\n<p><img loading=\"lazy\" decoding=\"async\" class=\"alignleft size-full wp-image-983\" alt=\"fitnesslauf_2.teil\" src=\"https:\/\/laufkatrinlauf.de\/wp-content\/uploads\/2013\/08\/fitnesslauf_2.teil_.jpg\" width=\"300\" height=\"225\" \/><br \/>\n<img loading=\"lazy\" decoding=\"async\" class=\"alignnone size-full wp-image-986\" alt=\"fitnesslauf_3\" src=\"https:\/\/laufkatrinlauf.de\/wp-content\/uploads\/2013\/08\/fitnesslauf_3.jpg\" width=\"300\" height=\"400\" srcset=\"https:\/\/laufkatrinlauf.de\/wp-content\/uploads\/2013\/08\/fitnesslauf_3.jpg 300w, https:\/\/laufkatrinlauf.de\/wp-content\/uploads\/2013\/08\/fitnesslauf_3-225x300.jpg 225w\" sizes=\"auto, (max-width: 300px) 100vw, 300px\" \/><br \/>\n<img loading=\"lazy\" decoding=\"async\" class=\"alignleft size-full wp-image-987\" alt=\"fitnesslauf_4\" src=\"https:\/\/laufkatrinlauf.de\/wp-content\/uploads\/2013\/08\/fitnesslauf_4.jpg\" width=\"300\" height=\"225\" \/><img loading=\"lazy\" decoding=\"async\" class=\"alignleft size-full wp-image-988\" alt=\"fitnesslauf_5\" src=\"https:\/\/laufkatrinlauf.de\/wp-content\/uploads\/2013\/08\/fitnesslauf_5.jpg\" width=\"300\" height=\"225\" \/><img loading=\"lazy\" decoding=\"async\" class=\"alignright size-full wp-image-989\" alt=\"fitnesslauf_6\" src=\"https:\/\/laufkatrinlauf.de\/wp-content\/uploads\/2013\/08\/fitnesslauf_6.jpg\" width=\"300\" height=\"225\" \/><\/p>\n","protected":false},"excerpt":{"rendered":"<p>Perfektes Lauferlebnis Hey, ich wei\u00df gar nicht, wo ich anfangen soll. Bin total begeistert \ud83d\ude42 Gestern bin ich bei super Wetter in Lech im Laufcamp von Runner&#8217;s World angekommen. Kontakte waren schnell gekn\u00fcpft, als L\u00e4ufer hat man sich ja gleich erkannt \ud83d\ude09 Am Nachmittag ging es sofort mit einem kurzen Lauf &#8211; nat\u00fcrlich mit Steigung [&hellip;]<\/p>\n","protected":false},"author":1,"featured_media":0,"comment_status":"open","ping_status":"open","sticky":false,"template":"","format":"standard","meta":{"footnotes":""},"categories":[16,37],"tags":[36,12],"class_list":["post-975","post","type-post","status-publish","format-standard","hentry","category-berglauf","category-wettkampf","tag-berglauf","tag-wettkampf"],"_links":{"self":[{"href":"https:\/\/laufkatrinlauf.de\/index.php?rest_route=\/wp\/v2\/posts\/975","targetHints":{"allow":["GET"]}}],"collection":[{"href":"https:\/\/laufkatrinlauf.de\/index.php?rest_route=\/wp\/v2\/posts"}],"about":[{"href":"https:\/\/laufkatrinlauf.de\/index.php?rest_route=\/wp\/v2\/types\/post"}],"author":[{"embeddable":true,"href":"https:\/\/laufkatrinlauf.de\/index.php?rest_route=\/wp\/v2\/users\/1"}],"replies":[{"embeddable":true,"href":"https:\/\/laufkatrinlauf.de\/index.php?rest_route=%2Fwp%2Fv2%2Fcomments&post=975"}],"version-history":[{"count":9,"href":"https:\/\/laufkatrinlauf.de\/index.php?rest_route=\/wp\/v2\/posts\/975\/revisions"}],"predecessor-version":[{"id":979,"href":"https:\/\/laufkatrinlauf.de\/index.php?rest_route=\/wp\/v2\/posts\/975\/revisions\/979"}],"wp:attachment":[{"href":"https:\/\/laufkatrinlauf.de\/index.php?rest_route=%2Fwp%2Fv2%2Fmedia&parent=975"}],"wp:term":[{"taxonomy":"category","embeddable":true,"href":"https:\/\/laufkatrinlauf.de\/index.php?rest_route=%2Fwp%2Fv2%2Fcategories&post=975"},{"taxonomy":"post_tag","embeddable":true,"href":"https:\/\/laufkatrinlauf.de\/index.php?rest_route=%2Fwp%2Fv2%2Ftags&post=975"}],"curies":[{"name":"wp","href":"https:\/\/api.w.org\/{rel}","templated":true}]}}